{"id":1228479,"date":"2021-05-26T22:31:47","date_gmt":"2021-05-27T03:31:47","guid":{"rendered":"https:\/\/www.acapulco.press\/?p=1228479"},"modified":"2021-05-26T22:31:47","modified_gmt":"2021-05-27T03:31:47","slug":"lideres-cardenistas-y-de-izquierda-confian-en-poder-trabajar-como-aliados-de-mario-moreno","status":"publish","type":"post","link":"https:\/\/www.acapulcopress.com\/index.php\/2021\/05\/26\/lideres-cardenistas-y-de-izquierda-confian-en-poder-trabajar-como-aliados-de-mario-moreno\/","title":{"rendered":"L\u00edderes cardenistas y de izquierda conf\u00edan en poder trabajar como aliados de Mario Moreno"},"content":{"rendered":"<p style=\"text-align: justify;\">] ACAPULCO. * 26 de mayo de 2021.<br \/>\n<em>) Especial.<\/em><\/p>\n<p style=\"text-align: justify;\">\u00abMario Moreno tiene experiencia y ha dado resultados por eso ser\u00e1 el gobernador de Guerrero\u00bb, fue lo que le dijeron <img loading=\"lazy\" decoding=\"async\" class=\"alignleft size-medium wp-image-1228491\" src=\"https:\/\/www.acapulco.press\/wp-content\/uploads\/2021\/05\/MMA-CAREDENISTAS13-375x211.jpeg\" alt=\"\" width=\"375\" height=\"211\" \/>al candidato de la alianza PRI-PRD en su gira por Acapulco, donde recibi\u00f3 el apoyo l\u00edderes de la sociedad civil y cientos de mujeres comprometidas con el cambio y bienestar que ofrece Moreno Arcos.<\/p>\n<p style=\"text-align: justify;\">Mario Moreno Arcos recibi\u00f3 el respaldo de ciudadanos y l\u00edderes pol\u00edticos de la izquierda como Genaro V\u00e1zquez Torres, del Partido Frente Cardenista de Reconstrucci\u00f3n Nacional y de Demetrio Santiago Torres, como presidente del Movimiento por una Vivienda Digna.<\/p>\n<p style=\"text-align: justify;\"><img loading=\"lazy\" decoding=\"async\" class=\"alignleft size-medium wp-image-1228490\" src=\"https:\/\/www.acapulco.press\/wp-content\/uploads\/2021\/05\/MMA-CAREDENISTAS12-375x211.jpeg\" alt=\"\" width=\"375\" height=\"211\" \/>\u00abCon Mario Moreno podemos trabajar juntos como aliados para resolver la problem\u00e1tica social en todo el estado y va a ganar la elecci\u00f3n porque tiene un trabajo de estructura en todo el territorio guerrerense, algo que no tiene ning\u00fan otro partido pol\u00edtico\u00bb le dijo Santiago Torres.<\/p>\n<p style=\"text-align: justify;\">\u00abEl \u00fanico hombre que se compromete con su pueblo y que le firma un convenio se llama Mario Moreno y por eso va a ser gobernador\u00bb sentenci\u00f3<\/p>\n<p style=\"text-align: justify;\">Por su parte, Moreno Arcos agradeci\u00f3 que la sociedad <img loading=\"lazy\" decoding=\"async\" class=\"alignleft size-medium wp-image-1228489\" src=\"https:\/\/www.acapulco.press\/wp-content\/uploads\/2021\/05\/MMA-CAREDENISTAS10-375x211.jpeg\" alt=\"\" width=\"375\" height=\"211\" \/>organizada se est\u00e9 sumando todos los d\u00edas al proyecto ganador de la alianza PRI-PRD, por eso dijo que ayudar\u00e1 a regularizar la tenencia de la tierra: \u00abVamos a impulsar un programa de vivienda en Guerrero para que todas las familias puedan acceder a una vivienda digna\u00bb les reiter\u00f3.<\/p>\n<p style=\"text-align: justify;\">Mario Moreno acudi\u00f3 tambi\u00e9n a la invitaci\u00f3n de la estructura Mano a Mano, encabezada por su esposa la doctora Enei Bustamante, donde recibi\u00f3 el respaldo de las mujeres de Acapulco.<\/p>\n<p style=\"text-align: justify;\"><img loading=\"lazy\" decoding=\"async\" class=\"alignleft size-medium wp-image-1228488\" src=\"https:\/\/www.acapulco.press\/wp-content\/uploads\/2021\/05\/MMA-CAREDENISTAS9-375x250.jpeg\" alt=\"\" width=\"375\" height=\"250\" \/>\u00abSalgamos a votar este 6 de junio, salgamos a votar por esta gran alianza, esta gran alianza es por Guerrero, por el futuro de nuestro estado, el futuro de nuestros hijos; mujeres nosotras vamos a decidir qui\u00e9n va a gobernar Guerrero\u00bb fue el llamado que hizo Bustamante Rodr\u00edguez.<\/p>\n<p style=\"text-align: justify;\">Pilar Vadillo en su calidad de coordinadora de esta estructura en Acapulco, afirm\u00f3 que hay una fecha que va a rescatar la esperanza de todos \u201cporque hay una esperanza de a deveras porque tenemos como candidato a la gubernatura de Guerrero a un hombre de a deveras, a un pol\u00edtico formado y probado, a un hombre exitoso en las contiendas electorales, a un hombre que sabe lo que es venir de abajo y darle la cara a la vida esforz\u00e1ndose en el estudio y el trabajo\u201d.<\/p>\n<p style=\"text-align: justify;\">Y advirti\u00f3 que esa sencillez, compromiso y entrega sin duda ser\u00e1 un factor para llevarlo al triunfo y ser el gobernador de Guerrero, para lo que las mujeres de Mano a Mano est\u00e1n trabajando arduamente, asegur\u00f3 luego de presentar a la estructura que coordina.<\/p>\n\n","protected":false},"excerpt":{"rendered":"<p>] ACAPULCO. * 26 de mayo de 2021. ) Especial. \u00abMario Moreno tiene experiencia y ha dado resultados por eso ser\u00e1 el gobernador de Guerrero\u00bb, fue lo que le dijeron al candidato de la alianza PRI-PRD en su gira por Acapulco, donde recibi\u00f3 el apoyo l\u00edderes de la sociedad civil y cientos de mujeres comprometidas&#8230;<\/p>\n","protected":false},"author":2,"featured_media":1228483,"comment_status":"closed","ping_status":"closed","sticky":false,"template":"","format":"standard","meta":{"footnotes":""},"categories":[2052,18561],"tags":[3684,4246,5928,9302,12685,13350,14296,15511],"class_list":["post-1228479","post","type-post","status-publish","format-standard","has-post-thumbnail","hentry","category-elecciones","category-society-politics","tag-alianza-pri-prd-guerrero-2021","tag-asi-gana-guerrero","tag-coalicion-va-por-guerrero","tag-gobierno-de-guerrero","tag-mario-moreno-arcos","tag-movimiento-por-una-vivienda-digna","tag-partido-frente-cardenista-de-reconstruccion-nacional","tag-respeto-por-guerrero"],"_links":{"self":[{"href":"https:\/\/www.acapulcopress.com\/index.php\/wp-json\/wp\/v2\/posts\/1228479","targetHints":{"allow":["GET"]}}],"collection":[{"href":"https:\/\/www.acapulcopress.com\/index.php\/wp-json\/wp\/v2\/posts"}],"about":[{"href":"https:\/\/www.acapulcopress.com\/index.php\/wp-json\/wp\/v2\/types\/post"}],"author":[{"embeddable":true,"href":"https:\/\/www.acapulcopress.com\/index.php\/wp-json\/wp\/v2\/users\/2"}],"replies":[{"embeddable":true,"href":"https:\/\/www.acapulcopress.com\/index.php\/wp-json\/wp\/v2\/comments?post=1228479"}],"version-history":[{"count":0,"href":"https:\/\/www.acapulcopress.com\/index.php\/wp-json\/wp\/v2\/posts\/1228479\/revisions"}],"wp:featuredmedia":[{"embeddable":true,"href":"https:\/\/www.acapulcopress.com\/index.php\/wp-json\/"}],"wp:attachment":[{"href":"https:\/\/www.acapulcopress.com\/index.php\/wp-json\/wp\/v2\/media?parent=1228479"}],"wp:term":[{"taxonomy":"category","embeddable":true,"href":"https:\/\/www.acapulcopress.com\/index.php\/wp-json\/wp\/v2\/categories?post=1228479"},{"taxonomy":"post_tag","embeddable":true,"href":"https:\/\/www.acapulcopress.com\/index.php\/wp-json\/wp\/v2\/tags?post=1228479"}],"curies":[{"name":"wp","href":"https:\/\/api.w.org\/{rel}","templated":true}]}}