{"id":1228496,"date":"2021-05-26T23:46:57","date_gmt":"2021-05-27T04:46:57","guid":{"rendered":"https:\/\/www.acapulco.press\/?p=1228496"},"modified":"2021-05-26T23:46:57","modified_gmt":"2021-05-27T04:46:57","slug":"agarrrensennnn-trabajadores-municipales-de-chilpancingo","status":"publish","type":"post","link":"https:\/\/www.acapulcopress.com\/index.php\/2021\/05\/26\/agarrrensennnn-trabajadores-municipales-de-chilpancingo\/","title":{"rendered":"Ag\u00e1rrrensennnn, trabajadores municipales de Chilpancingo!!!"},"content":{"rendered":"<p style=\"text-align: justify;\"><em> Un Rapid\u00edn<\/em><br \/>\n] Con <strong>\u00c1ngel Irra Carceda<\/strong>.<\/p>\n<p style=\"text-align: justify;\">Su presidente municipal perredista dice que es necesario reducir mil espacios de la n\u00f3mina para cumplir con el pago de todas las prestaciones a los trabajadores del Ayuntamiento.<\/p>\n<p style=\"text-align: justify;\">Y tambi\u00e9n que se agarre Alejandro Arcos Catal\u00e1n, candidato \u2013tambi\u00e9n perredista- a la Alcald\u00eda.<\/p>\n<p style=\"text-align: justify;\">Obviamente, esa postura del alcalde no parece ser una gran ayuda para la campa\u00f1a de Alejandro Arcos Catal\u00e1n.<\/p>\n<p style=\"text-align: justify;\">Y, por cierto, en Palacio Municipal, los chismosos de siempre, me aseguran que el TG un d\u00eda se chinga una gran rebanada de mel\u00f3n, y otra de sand\u00eda, \u201cpor \u00f3rdenes de su padrino pol\u00edtico\u201d.<\/p>\n<p style=\"text-align: justify;\">Vayan ustedes a saber a qu\u00e9 o a qui\u00e9n se refieren.<\/p>\n<p style=\"text-align: justify;\">Y, por cierto, en CAPACh a\u00fan no pagan la segunda parte del aguinaldo 2020. Le echan la culpa a la SEG.<\/p>\n<p style=\"text-align: justify;\">Que porque no ha pagado algo as\u00ed como cinco millones de pesos a la paramunicipal, pero que en esa dependencia sostienen que ya canalizaron esos recursos.<\/p>\n<p style=\"text-align: justify;\">\u00bfQuihubo?<\/p>\n","protected":false},"excerpt":{"rendered":"<p>Un Rapid\u00edn ] Con \u00c1ngel Irra Carceda. Su presidente municipal perredista dice que es necesario reducir mil espacios de la n\u00f3mina para cumplir con el pago de todas las prestaciones a los trabajadores del Ayuntamiento. Y tambi\u00e9n que se agarre Alejandro Arcos Catal\u00e1n, candidato \u2013tambi\u00e9n perredista- a la Alcald\u00eda. Obviamente, esa postura del alcalde no&#8230;<\/p>\n","protected":false},"author":2,"featured_media":1228497,"comment_status":"closed","ping_status":"closed","sticky":false,"template":"","format":"standard","meta":{"footnotes":""},"categories":[2071,1991],"tags":[3938,17511],"class_list":["post-1228496","post","type-post","status-publish","format-standard","has-post-thumbnail","hentry","category-opinion-analisis-columnas","category-libertad-de-expresion","tag-angel-irra-carceda","tag-un-rapidin"],"_links":{"self":[{"href":"https:\/\/www.acapulcopress.com\/index.php\/wp-json\/wp\/v2\/posts\/1228496","targetHints":{"allow":["GET"]}}],"collection":[{"href":"https:\/\/www.acapulcopress.com\/index.php\/wp-json\/wp\/v2\/posts"}],"about":[{"href":"https:\/\/www.acapulcopress.com\/index.php\/wp-json\/wp\/v2\/types\/post"}],"author":[{"embeddable":true,"href":"https:\/\/www.acapulcopress.com\/index.php\/wp-json\/wp\/v2\/users\/2"}],"replies":[{"embeddable":true,"href":"https:\/\/www.acapulcopress.com\/index.php\/wp-json\/wp\/v2\/comments?post=1228496"}],"version-history":[{"count":0,"href":"https:\/\/www.acapulcopress.com\/index.php\/wp-json\/wp\/v2\/posts\/1228496\/revisions"}],"wp:featuredmedia":[{"embeddable":true,"href":"https:\/\/www.acapulcopress.com\/index.php\/wp-json\/"}],"wp:attachment":[{"href":"https:\/\/www.acapulcopress.com\/index.php\/wp-json\/wp\/v2\/media?parent=1228496"}],"wp:term":[{"taxonomy":"category","embeddable":true,"href":"https:\/\/www.acapulcopress.com\/index.php\/wp-json\/wp\/v2\/categories?post=1228496"},{"taxonomy":"post_tag","embeddable":true,"href":"https:\/\/www.acapulcopress.com\/index.php\/wp-json\/wp\/v2\/tags?post=1228496"}],"curies":[{"name":"wp","href":"https:\/\/api.w.org\/{rel}","templated":true}]}}