{"id":1228514,"date":"2021-05-27T19:21:43","date_gmt":"2021-05-28T00:21:43","guid":{"rendered":"https:\/\/www.acapulco.press\/?p=1228514"},"modified":"2021-05-27T19:21:43","modified_gmt":"2021-05-28T00:21:43","slug":"agenda-mario-moreno-la-creacion-de-empleos-y-el-medio-ambiente-entre-sus-compromisos","status":"publish","type":"post","link":"https:\/\/www.acapulcopress.com\/index.php\/2021\/05\/27\/agenda-mario-moreno-la-creacion-de-empleos-y-el-medio-ambiente-entre-sus-compromisos\/","title":{"rendered":"Agenda Mario Moreno la creaci\u00f3n de empleos y el medio ambiente entre sus compromisos"},"content":{"rendered":"<p style=\"text-align: justify;\"><img loading=\"lazy\" decoding=\"async\" class=\"alignnone wp-image-1228517 size-large\" src=\"https:\/\/www.acapulco.press\/wp-content\/uploads\/2021\/05\/mario-izotepec2-840x560.jpeg\" alt=\"\" width=\"840\" height=\"560\" \/><\/p>\n<p>] CHILPANCINGO. * 27 de mayo de 2021.<br \/>\n<em>) Especial.<\/em><\/p>\n<p style=\"text-align: justify;\">Tras ser recibido con amplias muestras de cari\u00f1o y respaldo a su proyecto, el candidato de la alianza PRI-PRD, Mario Moreno Arcos firm\u00f3 un dec\u00e1logo de compromisos con la sierra en su natal Izotepec.<\/p>\n<p style=\"text-align: justify;\"><img loading=\"lazy\" decoding=\"async\" class=\"alignleft size-medium wp-image-1228523\" src=\"https:\/\/www.acapulco.press\/wp-content\/uploads\/2021\/05\/mario-izotepec8-375x250.jpeg\" alt=\"\" width=\"375\" height=\"250\" \/>En este lugar, Moreno Arcos acord\u00f3 con sus paisanas y paisanos la promoci\u00f3n del cuidado al medio ambiente, la biodiversidad y la puesta en marcha de diversas actividades econ\u00f3micas que permitan la generaci\u00f3n de empleo, as\u00ed como la introducci\u00f3n de servicios b\u00e1sicos, lo que firm\u00f3 acompa\u00f1ado de Beatriz V\u00e9lez, candidata a diputada federal y de Olaguer Hern\u00e1ndez, candidato a diputado local.<\/p>\n<p style=\"text-align: justify;\">Adem\u00e1s de enfocar esfuerzos de su gobierno al tema de infraestructura carretera: rehabilitaci\u00f3n de caminos, construcci\u00f3n de nuevos accesos carreteros y ampliaci\u00f3n de algunos otros, as\u00ed como la reconversi\u00f3n de cultivos, as\u00ed como <img loading=\"lazy\" decoding=\"async\" class=\"alignleft size-medium wp-image-1228522\" src=\"https:\/\/www.acapulco.press\/wp-content\/uploads\/2021\/05\/mario-izotepec7-375x250.jpeg\" alt=\"\" width=\"375\" height=\"250\" \/>tambi\u00e9n el impulso a los productores de aguacate para que logren la certificaci\u00f3n.<\/p>\n<p style=\"text-align: justify;\">Los compromisos pactados son: promover la implementaci\u00f3n de centros para el desarrollo de la sierra en distintos municipios de la zona; El impulso a un programa regional que fortalezca las acciones de salud; As\u00ed mismo, la rehabilitaci\u00f3n de espacios educativos.<\/p>\n<p style=\"text-align: justify;\">Mejoramiento a la vivienda con acciones de rehabilitaci\u00f3n, remodelaci\u00f3n y en su caso reconstrucci\u00f3n con materiales m\u00e1s adecuados, adem\u00e1s de dotarles de servicios b\u00e1sicos como el <img loading=\"lazy\" decoding=\"async\" class=\"alignleft size-medium wp-image-1228520\" src=\"https:\/\/www.acapulco.press\/wp-content\/uploads\/2021\/05\/mario-izotepec5-375x250.jpeg\" alt=\"\" width=\"375\" height=\"250\" \/>agua entubada, electrificaci\u00f3n y drenaje.<\/p>\n<p style=\"text-align: justify;\">Darle atenci\u00f3n prioritaria a los conflictos agrarios que persisten en el inter\u00e9s de que mediante el di\u00e1logo se puedan lograr conciliar las diferencias entre vecinos.<\/p>\n<p style=\"text-align: justify;\">Fomento a la cultura del deporte con el impulso a las distintas disciplinas deportivas y la construcci\u00f3n de espacios adecuados para practicarlos.<\/p>\n<p style=\"text-align: justify;\">El acceso a Internet como una herramienta del desarrollo tecnol\u00f3gico y comunicacional; promover las acciones necesarias para la inversi\u00f3n, el impulso a nuevas actividades econ\u00f3micas que den como resultado la generaci\u00f3n de empleos locales.<\/p>\n<p style=\"text-align: justify;\">Tambi\u00e9n expres\u00f3 su preocupaci\u00f3n y su compromiso por el cuidado al medio ambiente, a la biodiversidad; darle un uso racional adem\u00e1s de sustentable a los recursos naturales. Fomentar la protecci\u00f3n de las \u00e1reas naturales protegidas bajo manejo comunitario en los n\u00facleos ejidales, entre otros m\u00e1s.<\/p>\n","protected":false},"excerpt":{"rendered":"<p>] CHILPANCINGO. * 27 de mayo de 2021. ) Especial. Tras ser recibido con amplias muestras de cari\u00f1o y respaldo a su proyecto, el candidato de la alianza PRI-PRD, Mario Moreno Arcos firm\u00f3 un dec\u00e1logo de compromisos con la sierra en su natal Izotepec. En este lugar, Moreno Arcos acord\u00f3 con sus paisanas y paisanos&#8230;<\/p>\n","protected":false},"author":2,"featured_media":1228521,"comment_status":"closed","ping_status":"closed","sticky":false,"template":"","format":"standard","meta":{"footnotes":""},"categories":[2052,18561],"tags":[3684,4246,5928,9302,10522,12685,15511],"class_list":["post-1228514","post","type-post","status-publish","format-standard","has-post-thumbnail","hentry","category-elecciones","category-society-politics","tag-alianza-pri-prd-guerrero-2021","tag-asi-gana-guerrero","tag-coalicion-va-por-guerrero","tag-gobierno-de-guerrero","tag-izotepec","tag-mario-moreno-arcos","tag-respeto-por-guerrero"],"_links":{"self":[{"href":"https:\/\/www.acapulcopress.com\/index.php\/wp-json\/wp\/v2\/posts\/1228514","targetHints":{"allow":["GET"]}}],"collection":[{"href":"https:\/\/www.acapulcopress.com\/index.php\/wp-json\/wp\/v2\/posts"}],"about":[{"href":"https:\/\/www.acapulcopress.com\/index.php\/wp-json\/wp\/v2\/types\/post"}],"author":[{"embeddable":true,"href":"https:\/\/www.acapulcopress.com\/index.php\/wp-json\/wp\/v2\/users\/2"}],"replies":[{"embeddable":true,"href":"https:\/\/www.acapulcopress.com\/index.php\/wp-json\/wp\/v2\/comments?post=1228514"}],"version-history":[{"count":0,"href":"https:\/\/www.acapulcopress.com\/index.php\/wp-json\/wp\/v2\/posts\/1228514\/revisions"}],"wp:featuredmedia":[{"embeddable":true,"href":"https:\/\/www.acapulcopress.com\/index.php\/wp-json\/"}],"wp:attachment":[{"href":"https:\/\/www.acapulcopress.com\/index.php\/wp-json\/wp\/v2\/media?parent=1228514"}],"wp:term":[{"taxonomy":"category","embeddable":true,"href":"https:\/\/www.acapulcopress.com\/index.php\/wp-json\/wp\/v2\/categories?post=1228514"},{"taxonomy":"post_tag","embeddable":true,"href":"https:\/\/www.acapulcopress.com\/index.php\/wp-json\/wp\/v2\/tags?post=1228514"}],"curies":[{"name":"wp","href":"https:\/\/api.w.org\/{rel}","templated":true}]}}