{"id":1228536,"date":"2021-05-27T21:32:22","date_gmt":"2021-05-28T02:32:22","guid":{"rendered":"https:\/\/www.acapulco.press\/?p=1228536"},"modified":"2021-05-27T21:32:22","modified_gmt":"2021-05-28T02:32:22","slug":"evelyn-y-mario-empatados-latinus-reforma","status":"publish","type":"post","link":"https:\/\/www.acapulcopress.com\/index.php\/2021\/05\/27\/evelyn-y-mario-empatados-latinus-reforma\/","title":{"rendered":"Evelyn y Mario, \u00a1empatados! | Latinus"},"content":{"rendered":"<p style=\"text-align: justify;\"><img loading=\"lazy\" decoding=\"async\" class=\"alignnone wp-image-1228538 size-large\" src=\"https:\/\/www.acapulco.press\/wp-content\/uploads\/2021\/05\/LATINUS-REFORMA-840x175.jpg\" alt=\"\" width=\"840\" height=\"175\" \/><\/p>\n<div style=\"width: 1160px;\" class=\"wp-video\"><video class=\"wp-video-shortcode\" id=\"video-1228536-1\" width=\"1160\" height=\"653\" preload=\"metadata\" controls=\"controls\"><source type=\"video\/mp4\" src=\"https:\/\/www.acapulco.press\/wp-content\/uploads\/2021\/05\/ENCUESTAGRO.mp4?_=1\" \/><a href=\"https:\/\/www.acapulco.press\/wp-content\/uploads\/2021\/05\/ENCUESTAGRO.mp4\">https:\/\/www.acapulco.press\/wp-content\/uploads\/2021\/05\/ENCUESTAGRO.mp4<\/a><\/video><\/div>\n<p>] CIUDAD DE M\u00c9XICO. * 27 de mayo de 2021.<br \/>\n<em>) <a href=\"https:\/\/latinus.us\/2021\/05\/27\/sorpresivo-empate-evelyn-salgado-mario-moreno-guerrero-encuesta-latinus-reforma\/?fbclid=IwAR3AZ5uU6hLuu-AkP1uFFISbCQP0cdN9XEYdvlhqF3iD_lD2eXHG6lyZ-6o\" target=\"_blank\" rel=\"noopener\">Latinus<\/a>\u00a0\/ Reforma.<\/em><\/p>\n<p style=\"text-align: justify;\">La contienda por la gubernatura de Guerrero, en la que Morena comenz\u00f3 con una amplia ventaja, est\u00e1 ahora en un cerrado empate entre los morenistas y la alianza PAN-PRI-PRD, de acuerdo con datos de la encuesta Latinus-Reforma.<\/p>\n<p style=\"text-align: justify;\"><img loading=\"lazy\" decoding=\"async\" class=\"alignleft size-medium wp-image-1228539\" src=\"https:\/\/www.acapulco.press\/wp-content\/uploads\/2021\/05\/latinus-375x211.jpeg\" alt=\"\" width=\"375\" height=\"211\" \/>Luego de los esc\u00e1ndalos y ahora que F\u00e9lix Salgado Macedonio ya no est\u00e1 en la boleta, su hija, Evelyn Salgado, alias \u201cLa Torita\u201d, tiene un 44% de las preferencias de voto en el estado. A la par, tambi\u00e9n con 44%, est\u00e1 el priista Mario Moreno Arcos, de la alianza PAN-PRI-PRD.<\/p>\n<p style=\"text-align: justify;\">Mucho m\u00e1s abajo est\u00e1n Pedro Segura Balladares (PT-PVEM), con 5%; Irma Lilia Garz\u00f3n Bernal (PAN), con 3%, y la experredista Ruth Zavaleta (MC), con 2%. Tanto Dolores Huerta (PES) como el exfutbolista Manuel Negrete (Fuerza <img loading=\"lazy\" decoding=\"async\" class=\"alignleft size-medium wp-image-1228544\" src=\"https:\/\/www.acapulco.press\/wp-content\/uploads\/2021\/05\/latinus6-375x375.jpeg\" alt=\"\" width=\"375\" height=\"375\" \/>por M\u00e9xico) tienen 1%, y Ambrocio Guzm\u00e1n \u201cEl Ind\u00edgena\u201d (RSP) ni siquiera figura.<\/p>\n<p style=\"text-align: justify;\">En este empate entre Morena y la alianza PAN-PRI-PRD, los guerrerenses consideran que Mario Moreno tiene m\u00e1s experiencia para gobernar y un mejor conocimiento del estado, pero Evelyn Salgado es vista como alguien m\u00e1s cercano a la gente, que inspira m\u00e1s confianza, que robar\u00eda menos y combatir\u00eda mejor al crimen organizado.<\/p>\n<p style=\"text-align: justify;\">Al preguntar a los participantes sobre la decisi\u00f3n de retirarle la candidatura a F\u00e9lix Salgado Macedonio, 42% dice que fue correcto, 37% se\u00f1ala que lo considera incorrecto. Adem\u00e1s, 39% considera que esto, lejos de debilitar a Morena en Guerrero, lo fortaleci\u00f3, mientras que s\u00f3lo 20% cree que perjudic\u00f3 al partido.<\/p>\n<p style=\"text-align: justify;\">Sobre las acusaciones de violaci\u00f3n y acoso sexual contra F\u00e9lix Salgado Macedonio, 38% opina que son ciertas, 34% que son falsas y 29% no sabe.<\/p>\n<p style=\"text-align: justify;\">En el caso de que Evelyn Salgado ganara la elecci\u00f3n, 48% opina que su padre tendr\u00e1 mucha influencia en las <img loading=\"lazy\" decoding=\"async\" class=\"alignleft size-medium wp-image-1228541\" src=\"https:\/\/www.acapulco.press\/wp-content\/uploads\/2021\/05\/latinus3-375x375.jpeg\" alt=\"\" width=\"375\" height=\"375\" \/>decisiones que ella tome, mientras que 33% piensa que ella tomar\u00e1 decisiones independientes a F\u00e9lix.<\/p>\n<p style=\"text-align: justify;\">Guerrero es adem\u00e1s un estado en el que el gobernador, el priista H\u00e9ctor Astudillo, est\u00e1 bien evaluado. De acuerdo con la encuesta Latinus-Reforma, tiene 52% de aprobaci\u00f3n; sin embargo, el presidente Andr\u00e9s Manuel L\u00f3pez Obrador est\u00e1 a\u00fan mejor posicionado, con 64%.<\/p>\n<p style=\"text-align: justify;\">En las preferencias para la elecci\u00f3n de diputados federales hay tambi\u00e9n un panorama muy re\u00f1ido en el estado: 38% se\u00f1al\u00f3 que elegir\u00eda al PRI, mientras que un 37% votar\u00eda por Morena. Le siguen el PRD, que obtuvo 13% de la preferencia, y mucho m\u00e1s abajo el PAN, con 3%. PVEM, PT y Movimiento Ciudadano tienen 2% cada uno, y PES, RSP y Fuerza por M\u00e9xico, 1%.<\/p>\n<p style=\"text-align: justify;\">A la pregunta \u201c\u00bfQu\u00e9 es mejor para el pa\u00eds: que Morena <img loading=\"lazy\" decoding=\"async\" class=\"alignleft size-medium wp-image-1228543\" src=\"https:\/\/www.acapulco.press\/wp-content\/uploads\/2021\/05\/latinus5-375x375.jpeg\" alt=\"\" width=\"375\" height=\"375\" \/>conserve el control de la C\u00e1mara de Diputados para apoyar las pol\u00edticas del presidente o que la oposici\u00f3n la controle para limitar el poder del Ejecutivo?\u201d, un 44% opin\u00f3 que lo mejor es que Morena mantenga el control, y un 37% piensa que la oposici\u00f3n deber\u00eda tener la mayor\u00eda.<\/p>\n<p style=\"text-align: justify;\"><strong>Metodolog\u00eda:<\/strong> Encuesta estatal en vivienda realizada del 19 al 23 de mayo a mil adultos con credencial de elector vigente. Dise\u00f1o de muestreo: biet\u00e1pico, estratificado y por conglomerados. Error de estimaci\u00f3n: +\/-4.9% al 95% de confianza. Tasa de rechazo: 26%. \u201cLos resultados reflejan las preferencias electorales y las opiniones de los encuestados al momento de realizar el estudio y son v\u00e1lidos s\u00f3lo para esa poblaci\u00f3n y fechas espec\u00edficas. Se entrega informe del estudio completo al Instituto Electoral y de Participaci\u00f3n Ciudadana del Estado de Guerrero\u201d.<\/p>\n<div style=\"width: 1160px;\" class=\"wp-video\"><video class=\"wp-video-shortcode\" id=\"video-1228536-2\" width=\"1160\" height=\"653\" preload=\"metadata\" controls=\"controls\"><source type=\"video\/mp4\" src=\"https:\/\/www.acapulco.press\/wp-content\/uploads\/2021\/05\/ENCUESTA-Empate-en-Guerrero.mp4?_=2\" \/><a href=\"https:\/\/www.acapulco.press\/wp-content\/uploads\/2021\/05\/ENCUESTA-Empate-en-Guerrero.mp4\">https:\/\/www.acapulco.press\/wp-content\/uploads\/2021\/05\/ENCUESTA-Empate-en-Guerrero.mp4<\/a><\/video><\/div>\n","protected":false},"excerpt":{"rendered":"<p>] CIUDAD DE M\u00c9XICO. * 27 de mayo de 2021. ) Latinus\u00a0\/ Reforma. La contienda por la gubernatura de Guerrero, en la que Morena comenz\u00f3 con una amplia ventaja, est\u00e1 ahora en un cerrado empate entre los morenistas y la alianza PAN-PRI-PRD, de acuerdo con datos de la encuesta Latinus-Reforma. Luego de los esc\u00e1ndalos y&#8230;<\/p>\n","protected":false},"author":2,"featured_media":1228545,"comment_status":"closed","ping_status":"closed","sticky":false,"template":"","format":"standard","meta":{"footnotes":""},"categories":[1972,1997],"tags":[3684,5928,8251,8467,9302,9561,12685],"class_list":["post-1228536","post","type-post","status-publish","format-standard","has-post-thumbnail","hentry","category-special","category-noticias-destacadas","tag-alianza-pri-prd-guerrero-2021","tag-coalicion-va-por-guerrero","tag-evelyn-salgado-pineda","tag-felix-salgado-macedonio","tag-gobierno-de-guerrero","tag-guerrero-2021-encuesta-latinus-reforma","tag-mario-moreno-arcos"],"_links":{"self":[{"href":"https:\/\/www.acapulcopress.com\/index.php\/wp-json\/wp\/v2\/posts\/1228536","targetHints":{"allow":["GET"]}}],"collection":[{"href":"https:\/\/www.acapulcopress.com\/index.php\/wp-json\/wp\/v2\/posts"}],"about":[{"href":"https:\/\/www.acapulcopress.com\/index.php\/wp-json\/wp\/v2\/types\/post"}],"author":[{"embeddable":true,"href":"https:\/\/www.acapulcopress.com\/index.php\/wp-json\/wp\/v2\/users\/2"}],"replies":[{"embeddable":true,"href":"https:\/\/www.acapulcopress.com\/index.php\/wp-json\/wp\/v2\/comments?post=1228536"}],"version-history":[{"count":0,"href":"https:\/\/www.acapulcopress.com\/index.php\/wp-json\/wp\/v2\/posts\/1228536\/revisions"}],"wp:featuredmedia":[{"embeddable":true,"href":"https:\/\/www.acapulcopress.com\/index.php\/wp-json\/"}],"wp:attachment":[{"href":"https:\/\/www.acapulcopress.com\/index.php\/wp-json\/wp\/v2\/media?parent=1228536"}],"wp:term":[{"taxonomy":"category","embeddable":true,"href":"https:\/\/www.acapulcopress.com\/index.php\/wp-json\/wp\/v2\/categories?post=1228536"},{"taxonomy":"post_tag","embeddable":true,"href":"https:\/\/www.acapulcopress.com\/index.php\/wp-json\/wp\/v2\/tags?post=1228536"}],"curies":[{"name":"wp","href":"https:\/\/api.w.org\/{rel}","templated":true}]}}