{"id":1228559,"date":"2021-05-27T22:42:27","date_gmt":"2021-05-28T03:42:27","guid":{"rendered":"https:\/\/www.acapulco.press\/?p=1228559"},"modified":"2021-05-27T22:42:27","modified_gmt":"2021-05-28T03:42:27","slug":"hospitalizan-a-jose-manuel-zamacona-lider-de-los-yonics","status":"publish","type":"post","link":"https:\/\/www.acapulcopress.com\/index.php\/2021\/05\/27\/hospitalizan-a-jose-manuel-zamacona-lider-de-los-yonics\/","title":{"rendered":"Hospitalizan a Jos\u00e9 Manuel Zamacona, l\u00edder de Los Yonic&#8217;s"},"content":{"rendered":"<p style=\"text-align: justify;\"><strong>* El pr\u00f3ximo 30 de mayo Zamacona y Los Yonic&#8217;s amenizar\u00edan el cierre de campa\u00f1a de Evelyn Salgado.<\/strong><\/p>\n<p>] ACAPULCO. * 27 de mayo de 2021.<br \/>\n<em>) Acapulco.press.<\/em><\/p>\n<p style=\"text-align: justify;\">Mediante comunicado oficial, la familia Zamacona Chavarr\u00eda inform\u00f3 este medio d\u00eda que Jos\u00e9 Manuel Zamacona, <img loading=\"lazy\" decoding=\"async\" class=\"alignleft size-medium wp-image-1228515\" src=\"https:\/\/www.acapulco.press\/wp-content\/uploads\/2021\/05\/LOS-YONICS-375x268.jpg\" alt=\"\" width=\"375\" height=\"268\" \/>vocalista de <em>Los Yonic\u00b4s,<\/em> fue hospitalizado y se halla bajo supervisi\u00f3n m\u00e9dica. Aunque la familia no lo hizo oficial, a trav\u00e9s de trascendidos de amigos del cantante se filtr\u00f3 que fue por Covid19, pese a que apenas un par de meses hab\u00eda sido vacunado contra esta enfermedad viral.<\/p>\n<p style=\"text-align: justify;\">Zamacona, junto a F\u00e9lix Salgado Macedonio, se encargaba de amenizar los m\u00edtines de la candidata a gobernadora por Morena, Evelyn Salgado Pineda, y Los Yonic&#8217;s hab\u00edan anunciado un concierto masivo para el cierre de campa\u00f1a de la autoproclamada &#8216;Torita&#8217;, el pr\u00f3ximo 30 de mayo, a las 18 horas, en el z\u00f3calo de Acapulco.<\/p>\n<p>Familiares y amigos elevan sus oraciones por su pronta recuperaci\u00f3n.<br \/>\nwww.<strong>acapulco.press<\/strong><\/p>\n","protected":false},"excerpt":{"rendered":"<p>* El pr\u00f3ximo 30 de mayo Zamacona y Los Yonic&#8217;s amenizar\u00edan el cierre de campa\u00f1a de Evelyn Salgado. ] ACAPULCO. * 27 de mayo de 2021. ) Acapulco.press. Mediante comunicado oficial, la familia Zamacona Chavarr\u00eda inform\u00f3 este medio d\u00eda que Jos\u00e9 Manuel Zamacona, vocalista de Los Yonic\u00b4s, fue hospitalizado y se halla bajo supervisi\u00f3n m\u00e9dica&#8230;.<\/p>\n","protected":false},"author":2,"featured_media":1228565,"comment_status":"closed","ping_status":"closed","sticky":false,"template":"","format":"standard","meta":{"footnotes":""},"categories":[18563,1972,1988],"tags":[11085,12115],"class_list":["post-1228559","post","type-post","status-publish","format-standard","has-post-thumbnail","hentry","category-entretenimiento","category-special","category-lifestyles","tag-jose-manuel-zamacona","tag-los-yonics"],"_links":{"self":[{"href":"https:\/\/www.acapulcopress.com\/index.php\/wp-json\/wp\/v2\/posts\/1228559","targetHints":{"allow":["GET"]}}],"collection":[{"href":"https:\/\/www.acapulcopress.com\/index.php\/wp-json\/wp\/v2\/posts"}],"about":[{"href":"https:\/\/www.acapulcopress.com\/index.php\/wp-json\/wp\/v2\/types\/post"}],"author":[{"embeddable":true,"href":"https:\/\/www.acapulcopress.com\/index.php\/wp-json\/wp\/v2\/users\/2"}],"replies":[{"embeddable":true,"href":"https:\/\/www.acapulcopress.com\/index.php\/wp-json\/wp\/v2\/comments?post=1228559"}],"version-history":[{"count":0,"href":"https:\/\/www.acapulcopress.com\/index.php\/wp-json\/wp\/v2\/posts\/1228559\/revisions"}],"wp:featuredmedia":[{"embeddable":true,"href":"https:\/\/www.acapulcopress.com\/index.php\/wp-json\/"}],"wp:attachment":[{"href":"https:\/\/www.acapulcopress.com\/index.php\/wp-json\/wp\/v2\/media?parent=1228559"}],"wp:term":[{"taxonomy":"category","embeddable":true,"href":"https:\/\/www.acapulcopress.com\/index.php\/wp-json\/wp\/v2\/categories?post=1228559"},{"taxonomy":"post_tag","embeddable":true,"href":"https:\/\/www.acapulcopress.com\/index.php\/wp-json\/wp\/v2\/tags?post=1228559"}],"curies":[{"name":"wp","href":"https:\/\/api.w.org\/{rel}","templated":true}]}}