{"id":1228581,"date":"2021-05-28T00:26:07","date_gmt":"2021-05-28T05:26:07","guid":{"rendered":"https:\/\/www.acapulco.press\/?p=1228581"},"modified":"2021-05-28T00:26:07","modified_gmt":"2021-05-28T05:26:07","slug":"mario-y-taja-rescataran-el-acapulco-tradicional-incluido-el-magico-mundo-marino","status":"publish","type":"post","link":"https:\/\/www.acapulcopress.com\/index.php\/2021\/05\/28\/mario-y-taja-rescataran-el-acapulco-tradicional-incluido-el-magico-mundo-marino\/","title":{"rendered":"Mario y Taja rescatar\u00e1n el Acapulco Tradicional, incluido el M\u00e1gico Mundo Marino"},"content":{"rendered":"<p style=\"text-align: justify;\"><img loading=\"lazy\" decoding=\"async\" class=\"alignnone wp-image-1228584 size-large\" src=\"https:\/\/www.acapulco.press\/wp-content\/uploads\/2021\/05\/MMA-RTR3-840x560.jpeg\" alt=\"\" width=\"840\" height=\"560\" \/><\/p>\n<p>ACAPULCO. * 27 de mayo de 2021.<br \/>\n<em>) Especial.<\/em><\/p>\n<p style=\"text-align: justify;\">El candidato de la coalici\u00f3n PRI-PRD, Ricardo Taja Ram\u00edrez, junto al candidato Mario Moreno Arcos, caminaron por <img loading=\"lazy\" decoding=\"async\" class=\"alignleft size-medium wp-image-1228585\" src=\"https:\/\/www.acapulco.press\/wp-content\/uploads\/2021\/05\/MMA-RTR4-375x250.jpeg\" alt=\"\" width=\"375\" height=\"250\" \/>la explanada de Caleta y Caletilla donde fueron recibidos por todos los prestadores de servicios tur\u00edsticos quienes les refrendaron su apoyo incondicional hasta llevarlos al triunfo este 6 de junio, d\u00eda que los acapulque\u00f1os y guerrerenses les dar\u00e1n su voto de confianza para lograr el cambio que se necesita.<\/p>\n<p style=\"text-align: justify;\">Rodeado de porras, pancartas, muestras de apoyo y peticiones de ayuda para mejorar e impulsar las playas que dieron a conocer Acapulco ante el mundo, Taja Ram\u00edrez se comprometi\u00f3 en la reactivaci\u00f3n econ\u00f3mica de esta zona iniciando con el rescate del M\u00e1gico Mundo Marino donde se <img loading=\"lazy\" decoding=\"async\" class=\"alignleft size-medium wp-image-1228587\" src=\"https:\/\/www.acapulco.press\/wp-content\/uploads\/2021\/05\/MMA-RTR6-375x211.jpeg\" alt=\"\" width=\"375\" height=\"211\" \/>pretende realizar un parque ecotur\u00edstico desde el inicio de su gobierno.<\/p>\n<p style=\"text-align: justify;\">Reiter\u00f3 el anuncio del rescate de la Isla la Roqueta, uniformar a los prestadores de servicios tur\u00edsticos adem\u00e1s de unificar el mobiliario de toda la franja de arena.<\/p>\n<p style=\"text-align: justify;\">Una de las peticiones m\u00e1s insistentes por parte de la poblaci\u00f3n es el regreso del Festival Acapulco y, en respuesta, Taja Ram\u00edrez asegur\u00f3 que retornar\u00e1 ese evento no solo de manera art\u00edstica sino cultural y deportivo. Tambi\u00e9n anunci\u00f3 <img loading=\"lazy\" decoding=\"async\" class=\"alignleft size-medium wp-image-1228583\" src=\"https:\/\/www.acapulco.press\/wp-content\/uploads\/2021\/05\/MMA-RTR2-375x250.jpeg\" alt=\"\" width=\"375\" height=\"250\" \/>la invitaci\u00f3n que har\u00e1 a una naviera para que este destino sea puerto de embarque y con ello aumenten tambi\u00e9n los vuelos nacionales e internacionales y adelant\u00f3 que buscar\u00e1 un acuerdo para quitar la alerta de viajes que EU tiene para el puerto y que evita que el turismo extranjero vuelva a este destino.<\/p>\n<p style=\"text-align: justify;\">Durante su intervenci\u00f3n, el candidato al gobierno de Guerrero por la coalici\u00f3n PRI-PRD, Mario Moreno Arcos, se comprometi\u00f3 en redoblar la inversi\u00f3n de manera conjunta con Ricardo Taja Ram\u00edrez para poder hacer m\u00e1s por el puerto.<\/p>\n<p style=\"text-align: justify;\">\u00abDe cada peso que ponga Taja, yo pondr\u00e9 otro y as\u00ed podremos hacer m\u00e1s obras de impacto que logren reactivar este puerto que es la ventana de M\u00e9xico ante el mundo\u00bb, expres\u00f3.<\/p>\n<p style=\"text-align: justify;\">Antes de llegar a Caleta, Ricardo Taja y Mario Moreno se reunieron en la emblem\u00e1tica y tradicional zona de la Quebrada donde platicaron con los clavadistas de la zona y escucharon sus inquietudes y demandas para poder impulsar este maravilloso lugar.<\/p>\n<p style=\"text-align: justify;\">El presidente ejecutivo de los clavadistas, Gustavo Gatica, dio la bienvenida a los candidatos y les regreso si apoyo y respaldo a nombre de los clavadistas y sus familias.<\/p>\n<p style=\"text-align: justify;\">Por su parte, Genaro Santill\u00e1n Soria, coordinador de Eventos Especiales, a nombre de los clavadistas pidi\u00f3 a los candidatos implementar un recurso de manera oficial para la realizaci\u00f3n del Campeonato Mundial de Clavados en este destino, gestionar recursos para la infraestructura del \u00e1rea de la zona concesionada en La Quebrada, que se nombre esa zona tur\u00edstica como patrimonio del Estado, adem\u00e1s de una buena administraci\u00f3n de los recursos destinados a esta zona tradicional.<\/p>\n<p style=\"text-align: justify;\">A todas las peticiones de los clavaditas tanto Ricardo Taja como Mario Moreno se comprometieron que ser\u00e1n analizadas y otras de ellas a realizarse a toda prisa para relanzar la tradicional zona de la Quebrada la cual no estar\u00e1 abandonada durante su administraci\u00f3n.<\/p>\n","protected":false},"excerpt":{"rendered":"<p>ACAPULCO. * 27 de mayo de 2021. ) Especial. El candidato de la coalici\u00f3n PRI-PRD, Ricardo Taja Ram\u00edrez, junto al candidato Mario Moreno Arcos, caminaron por la explanada de Caleta y Caletilla donde fueron recibidos por todos los prestadores de servicios tur\u00edsticos quienes les refrendaron su apoyo incondicional hasta llevarlos al triunfo este 6 de&#8230;<\/p>\n","protected":false},"author":2,"featured_media":1228586,"comment_status":"closed","ping_status":"closed","sticky":false,"template":"","format":"standard","meta":{"footnotes":""},"categories":[2052,18561],"tags":[3182,3684,4246,5928,5938,9302,12305,12685,15607,17705],"class_list":["post-1228581","post","type-post","status-publish","format-standard","has-post-thumbnail","hentry","category-elecciones","category-society-politics","tag-acapulco-tradicional","tag-alianza-pri-prd-guerrero-2021","tag-asi-gana-guerrero","tag-coalicion-va-por-guerrero","tag-coalicion-pri-prd","tag-gobierno-de-guerrero","tag-magico-mundo-marino","tag-mario-moreno-arcos","tag-ricardo-taja-ramirez-presidencia-de-acapulco","tag-va-por-acapulco"],"_links":{"self":[{"href":"https:\/\/www.acapulcopress.com\/index.php\/wp-json\/wp\/v2\/posts\/1228581","targetHints":{"allow":["GET"]}}],"collection":[{"href":"https:\/\/www.acapulcopress.com\/index.php\/wp-json\/wp\/v2\/posts"}],"about":[{"href":"https:\/\/www.acapulcopress.com\/index.php\/wp-json\/wp\/v2\/types\/post"}],"author":[{"embeddable":true,"href":"https:\/\/www.acapulcopress.com\/index.php\/wp-json\/wp\/v2\/users\/2"}],"replies":[{"embeddable":true,"href":"https:\/\/www.acapulcopress.com\/index.php\/wp-json\/wp\/v2\/comments?post=1228581"}],"version-history":[{"count":0,"href":"https:\/\/www.acapulcopress.com\/index.php\/wp-json\/wp\/v2\/posts\/1228581\/revisions"}],"wp:featuredmedia":[{"embeddable":true,"href":"https:\/\/www.acapulcopress.com\/index.php\/wp-json\/"}],"wp:attachment":[{"href":"https:\/\/www.acapulcopress.com\/index.php\/wp-json\/wp\/v2\/media?parent=1228581"}],"wp:term":[{"taxonomy":"category","embeddable":true,"href":"https:\/\/www.acapulcopress.com\/index.php\/wp-json\/wp\/v2\/categories?post=1228581"},{"taxonomy":"post_tag","embeddable":true,"href":"https:\/\/www.acapulcopress.com\/index.php\/wp-json\/wp\/v2\/tags?post=1228581"}],"curies":[{"name":"wp","href":"https:\/\/api.w.org\/{rel}","templated":true}]}}