{"id":1228594,"date":"2021-05-27T12:45:15","date_gmt":"2021-05-27T17:45:15","guid":{"rendered":"https:\/\/www.acapulco.press\/?p=1228594"},"modified":"2021-05-27T12:45:15","modified_gmt":"2021-05-27T17:45:15","slug":"acompano-senador-anorve-a-candidatos-omar-jalil-flor-anorve-y-aracely-alvarado","status":"publish","type":"post","link":"https:\/\/www.acapulcopress.com\/index.php\/2021\/05\/27\/acompano-senador-anorve-a-candidatos-omar-jalil-flor-anorve-y-aracely-alvarado\/","title":{"rendered":"Acompa\u00f1\u00f3 Senador A\u00f1orve a candidatos Omar Jalil, Flor A\u00f1orve y Aracely Alvarado"},"content":{"rendered":"<p style=\"text-align: justify;\">] ACAPULCO. * 27 de mayo de 2021.<br \/>\n<em>) Comunicado.<\/em><\/p>\n<p style=\"text-align: justify;\">El Senador de la Rep\u00fablica por Guerrero, Manuel A\u00f1orve Ba\u00f1os, acompa\u00f1\u00f3 este d\u00eda en la ciudad platera, las actividades de Omar Jalil Flores Majul, candidato a la alcald\u00eda de Taxco, Flor A\u00f1orve, candidata a diputada local y Aracely Alvarado, candidata a diputada federal.<\/p>\n<p style=\"text-align: justify;\">El Senador junto a los candidatos priistas, visitaron San Jos\u00e9 El Potrero y Teacalco, en donde se reunieron con la militancia y simpatizantes en donde A\u00f1orve Ba\u00f1os refrend\u00f3 su apoyo y respaldo a las y los candidatos del PRI en esta contienda electoral.<\/p>\n<p style=\"text-align: justify;\">\u201cLas y los candidatos priistas est\u00e1n listos para ganar este 6 de junio, Mario Moreno Arcos, Omar Jalil, Flor A\u00f1orve y Aracely Alvarado, \u00a1van a ganar porque son la mejor opci\u00f3n para Taxco y para Guerrero!\u201d, manifest\u00f3 A\u00f1orve Ba\u00f1os en sus intervenciones.<\/p>\n<p style=\"text-align: justify;\">Adem\u00e1s asegur\u00f3 que el trabajo que ha hecho hasta ahora Mario Moreno en campa\u00f1a, ha sido muy bueno, pues en cada regi\u00f3n y municipio a los que ha acompa\u00f1ado a las y los candidatos, la gente los ha recibido y ha manifestado el apoyo para el Partido Revolucionario Institucional y sus alianzas.<\/p>\n<p style=\"text-align: justify;\">Finalmente el Senador A\u00f1orve se\u00f1al\u00f3 que hasta el \u00faltimo d\u00eda de contienda, seguir\u00e1 apoyando a su partido y las alianzas que apuntalan claramente el triunfo en el estado.<\/p>\n","protected":false},"excerpt":{"rendered":"<p>] ACAPULCO. * 27 de mayo de 2021. ) Comunicado. El Senador de la Rep\u00fablica por Guerrero, Manuel A\u00f1orve Ba\u00f1os, acompa\u00f1\u00f3 este d\u00eda en la ciudad platera, las actividades de Omar Jalil Flores Majul, candidato a la alcald\u00eda de Taxco, Flor A\u00f1orve, candidata a diputada local y Aracely Alvarado, candidata a diputada federal. El Senador&#8230;<\/p>\n","protected":false},"author":2,"featured_media":1228595,"comment_status":"closed","ping_status":"closed","sticky":false,"template":"","format":"standard","meta":{"footnotes":""},"categories":[2052,18561],"tags":[8721,12366,13942],"class_list":["post-1228594","post","type-post","status-publish","format-standard","has-post-thumbnail","hentry","category-elecciones","category-society-politics","tag-flor-anorve","tag-manuel-anorve-banos","tag-omar-jalil-flores-majul"],"_links":{"self":[{"href":"https:\/\/www.acapulcopress.com\/index.php\/wp-json\/wp\/v2\/posts\/1228594","targetHints":{"allow":["GET"]}}],"collection":[{"href":"https:\/\/www.acapulcopress.com\/index.php\/wp-json\/wp\/v2\/posts"}],"about":[{"href":"https:\/\/www.acapulcopress.com\/index.php\/wp-json\/wp\/v2\/types\/post"}],"author":[{"embeddable":true,"href":"https:\/\/www.acapulcopress.com\/index.php\/wp-json\/wp\/v2\/users\/2"}],"replies":[{"embeddable":true,"href":"https:\/\/www.acapulcopress.com\/index.php\/wp-json\/wp\/v2\/comments?post=1228594"}],"version-history":[{"count":0,"href":"https:\/\/www.acapulcopress.com\/index.php\/wp-json\/wp\/v2\/posts\/1228594\/revisions"}],"wp:featuredmedia":[{"embeddable":true,"href":"https:\/\/www.acapulcopress.com\/index.php\/wp-json\/"}],"wp:attachment":[{"href":"https:\/\/www.acapulcopress.com\/index.php\/wp-json\/wp\/v2\/media?parent=1228594"}],"wp:term":[{"taxonomy":"category","embeddable":true,"href":"https:\/\/www.acapulcopress.com\/index.php\/wp-json\/wp\/v2\/categories?post=1228594"},{"taxonomy":"post_tag","embeddable":true,"href":"https:\/\/www.acapulcopress.com\/index.php\/wp-json\/wp\/v2\/tags?post=1228594"}],"curies":[{"name":"wp","href":"https:\/\/api.w.org\/{rel}","templated":true}]}}