{"id":1228602,"date":"2021-05-28T01:05:01","date_gmt":"2021-05-28T06:05:01","guid":{"rendered":"https:\/\/www.acapulco.press\/?p=1228602"},"modified":"2021-05-28T01:05:01","modified_gmt":"2021-05-28T06:05:01","slug":"semujer-imparte-conferencia-sobre-violencia-de-genero-a-personal-militar","status":"publish","type":"post","link":"https:\/\/www.acapulcopress.com\/index.php\/2021\/05\/28\/semujer-imparte-conferencia-sobre-violencia-de-genero-a-personal-militar\/","title":{"rendered":"Semujer imparte conferencia sobre &#8216;violencia de g\u00e9nero&#8217; a personal militar"},"content":{"rendered":"<p style=\"text-align: justify;\">] ACAPULCO. * 27 de mayo de 2021.<br \/>\n<em>) Gobierno de Guerrero.<\/em><\/p>\n<p style=\"text-align: justify;\">La Secretar\u00eda de la Mujer, imparti\u00f3 la conferencia \u201cViolencia de G\u00e9nero\u201d, dirigida a personal de la IX Regi\u00f3n Militar, con sede en Acapulco, con la finalidad de reforzar las actividades de prevenci\u00f3n y erradicaci\u00f3n de la misma, fue disertado por la subsecretaria de la Semujer Adriana Salgado Gonz\u00e1lez.<\/p>\n<p style=\"text-align: justify;\">Esta es una de las acciones que la Semujer realiza de manera permanente, incidiendo en los diversos sectores sociales para brindar a las mujeres y a las ni\u00f1as guerrerenses, entornos libres de violencia.<\/p>\n<p style=\"text-align: justify;\">La titular de la Semujer, Maira Mart\u00ednez Pineda, mencion\u00f3 que en la medida de que contemos con una sociedad informada y con perspectiva de g\u00e9nero, se contribuye a tener un estado igualitario, con pleno respeto a los derechos humanos de todas y todos.<\/p>\n<p style=\"text-align: justify;\">Esta actividad, se efectu\u00f3 de manera presencial, estuvo dirigida al personal femenino y masculino, perteneciente al Cuartel General, y en modalidad virtual (videoconferencia), a las mujeres y hombres pertenecientes a las unidades y dependencias adscritas a esta regi\u00f3n militar.<\/p>\n","protected":false},"excerpt":{"rendered":"<p>] ACAPULCO. * 27 de mayo de 2021. ) Gobierno de Guerrero. La Secretar\u00eda de la Mujer, imparti\u00f3 la conferencia \u201cViolencia de G\u00e9nero\u201d, dirigida a personal de la IX Regi\u00f3n Militar, con sede en Acapulco, con la finalidad de reforzar las actividades de prevenci\u00f3n y erradicaci\u00f3n de la misma, fue disertado por la subsecretaria de&#8230;<\/p>\n","protected":false},"author":2,"featured_media":1228603,"comment_status":"closed","ping_status":"closed","sticky":false,"template":"","format":"standard","meta":{"footnotes":""},"categories":[18573,1983],"tags":[16469],"class_list":["post-1228602","post","type-post","status-publish","format-standard","has-post-thumbnail","hentry","category-goverment","category-guerrerogob","tag-semujer"],"_links":{"self":[{"href":"https:\/\/www.acapulcopress.com\/index.php\/wp-json\/wp\/v2\/posts\/1228602","targetHints":{"allow":["GET"]}}],"collection":[{"href":"https:\/\/www.acapulcopress.com\/index.php\/wp-json\/wp\/v2\/posts"}],"about":[{"href":"https:\/\/www.acapulcopress.com\/index.php\/wp-json\/wp\/v2\/types\/post"}],"author":[{"embeddable":true,"href":"https:\/\/www.acapulcopress.com\/index.php\/wp-json\/wp\/v2\/users\/2"}],"replies":[{"embeddable":true,"href":"https:\/\/www.acapulcopress.com\/index.php\/wp-json\/wp\/v2\/comments?post=1228602"}],"version-history":[{"count":0,"href":"https:\/\/www.acapulcopress.com\/index.php\/wp-json\/wp\/v2\/posts\/1228602\/revisions"}],"wp:featuredmedia":[{"embeddable":true,"href":"https:\/\/www.acapulcopress.com\/index.php\/wp-json\/"}],"wp:attachment":[{"href":"https:\/\/www.acapulcopress.com\/index.php\/wp-json\/wp\/v2\/media?parent=1228602"}],"wp:term":[{"taxonomy":"category","embeddable":true,"href":"https:\/\/www.acapulcopress.com\/index.php\/wp-json\/wp\/v2\/categories?post=1228602"},{"taxonomy":"post_tag","embeddable":true,"href":"https:\/\/www.acapulcopress.com\/index.php\/wp-json\/wp\/v2\/tags?post=1228602"}],"curies":[{"name":"wp","href":"https:\/\/api.w.org\/{rel}","templated":true}]}}