{"id":1228645,"date":"2021-05-28T11:29:28","date_gmt":"2021-05-28T16:29:28","guid":{"rendered":"https:\/\/www.acapulco.press\/?p=1228645"},"modified":"2021-05-28T11:29:28","modified_gmt":"2021-05-28T16:29:28","slug":"el-poder-de-imponer-a-regidores-del-circulo-afin","status":"publish","type":"post","link":"https:\/\/www.acapulcopress.com\/index.php\/2021\/05\/28\/el-poder-de-imponer-a-regidores-del-circulo-afin\/","title":{"rendered":"El poder de imponer a regidores del c\u00edrculo af\u00edn"},"content":{"rendered":"<p style=\"text-align: justify;\">P\u00e9ndulo Pol\u00edtico<br \/>\n] <strong>Emiliano Mateo Carrillo.<\/strong><\/p>\n<figure id=\"attachment_1228646\" aria-describedby=\"caption-attachment-1228646\" style=\"width: 375px\" class=\"wp-caption alignleft\"><img loading=\"lazy\" decoding=\"async\" class=\"wp-image-1228646 size-medium\" src=\"https:\/\/www.acapulco.press\/wp-content\/uploads\/2021\/05\/MATEO-375x281.jpg\" alt=\"\" width=\"375\" height=\"281\" \/><figcaption id=\"caption-attachment-1228646\" class=\"wp-caption-text\"><strong>Emiliano Mateo Carrillo<\/strong>.<\/figcaption><\/figure>\n<p style=\"text-align: justify;\">El panorama sin atracci\u00f3n de unas elecciones cruciales en el pa\u00eds, el escenario electoral se ha convertido en un espect\u00e1culo de banalizaci\u00f3n de poderes circulares e intimidaciones provocando el caos social e inseguridad que solo distrae de lo importante: el debate de ideas, la exigencia de planes concretos, la defensa democr\u00e1tica..<\/p>\n<p style=\"text-align: justify;\"><strong>REGIDUR\u00cdA 1<\/strong>. LA SARA IVETH ROSAS ROSAS ( ES SINDICO DE KARLA ALMAZ\u00c1N 2015 DONDE ES IMPUESTA POR EL JEFE EN LUGAR DE LA SUPLENTE DE KARLA NO ERA DEL AGRADO DEL JEFE GAP, EX SERVIDORA CON CONSTANZO QUE LA INCORPORA AL MUNICIPIO DE TRABAJO?, LA ENCARGADA DE CONTRATAR Y DESPEDIR A LOS QUE SE REVELEN EN EL AYUNTAMIENTO ,FIEL AL JEFE.\u00a0 JAM\u00c1S DUDO DE M\u00cd.<\/p>\n<p style=\"text-align: justify;\">\u201cCuando un candidato del circulo de poder invierte recursos materiales y econ\u00f3micos en las campa\u00f1as electorales esta viciadas de origen que da\u00f1a nuestra democracia representativa a trav\u00e9s de este sistema de partidos amorfo y de grupos de intereses .No es un candidato un empresario de los recursos p\u00fablicos utilizados a fines de poder de reelecci\u00f3n\u201d el que paga para llegar, llega para saquear las arcas p\u00fablicas \u201c, solo pensara en sacar un lucro de ese grupo. Y mucho menos pensara en la gente.\u201d Un pueblo que elige corruptos no es v\u00edctima \u00a1es c\u00f3mplice! .La libertad sin miedo. La persona con sus valores. La mente es \u00fanica con tus actos conforme a tu libertad, sus valores capaces de romper ese yugo del miedo.<\/p>\n<p style=\"text-align: justify;\">Una sociedad no puede permanecer inm\u00f3vil, culpemos al hombre del af\u00e1n de poder, el poder pol\u00edtico es m\u00e1s peligroso a la poblaci\u00f3n por sus afanes. La vida democr\u00e1tica la relaci\u00f3n entre gobernantes y gobernados, los actos encausados de establecer esa forma democr\u00e1tica de libertad de expresi\u00f3n verbal y escrita. No a ese esquema de concentraci\u00f3n de poder a un nuevo esquema de autoritarismo, violenta el marco de las leyes depositarias de la voluntad de la colectividad. Nuestro M\u00e9xico ha luchado por esas libertades democr\u00e1ticas, ha costado vidas a trav\u00e9s de la historia, la democracia es la forma de gobierno de establecer la convivencia colectiva y a un estado de derecho, as\u00ed como la divisi\u00f3n de poderes. La creencia es un deseo profundo de visualizar su entorno. El \u00e9xito es posible sobre la creencia con acciones; la vida es uno lo que siembra a trav\u00e9s de la vida y sobre todo los valores. Las expectativas de uno mismo permite modificar la actitud de vida, de libertad de acci\u00f3n. Lo que uno siembra uno recibe la cosecha.<\/p>\n<p style=\"text-align: justify;\">El pensamiento es energ\u00eda del accionar positivo o negativo. El pensamiento es lo que uno quiere, del deseo. La causa y el efecto se dar\u00e1n de acuerdo de tus acciones particulares o colectivas; el ser humano es el \u00fanico capaz de razonar y determinar su camino, hay entes que viven con miedo. Las causas de ese temor se puede traducir en la vida del miedo e incapaces de externar su pensamiento, la cultura de la ignorancia y servilismo produce fanatismo. Yo controlo mi realidad, yo creo en m\u00ed mismo es mi vida de libertad y actitud .jam\u00e1s dudo de m\u00ed porque la vida es de libertad sin temores, es aquel que se cautiva de su entorno de confort, jam\u00e1s entender\u00e1 esa libertad de pensamiento y de palabra, es as\u00ed la vida de retos. La ley de la correspondencia es nuestro mundo es un espejo .Cuando se siente bien al interior habr\u00e1 respuestas positivas y controlar nuestra vida .el poner el mundo interior si hay desorden ,uno se convierte lo que uno piensa .el pensamiento de \u00e9xito y fracaso solo debe cambiar el modo de pensar cambia la vida .los efectos son todo lo que sucede en nuestro entorno con vida positiva con el \u00e9xito que desea al exterior de acuerdo a nuestra actitud .uno mismo cambia nuestros paradigmas personales y econ\u00f3micos.<\/p>\n<p style=\"text-align: justify;\">La persona es individual de actitud y sobre todo crea su circunstancia se crea con las acciones colectivas o individuales; el precio es renunciar a esos estatutos sociales econ\u00f3mico. La creencia es un deseo profundo de visualizar su entorno. El \u00e9xito es posible sobre nuestra creencia. Las expectativas de uno mismo permite modificar la actitud de vida, de libertad de acci\u00f3n. Lo que uno siembra uno recibe la cosecha. El pensamiento es energ\u00eda del accionar positivo o negativo. La concentraci\u00f3n de poder produce otras cosas. En la transici\u00f3n de una \u00e9poca a la otra no cambia el hecho de que exista una clase pol\u00edtica, pero s\u00ed cambia su calidad, su modo de composici\u00f3n y de formaci\u00f3n, su organizaci\u00f3n. El ordenamiento jur\u00eddico, al consagrar la libertad y su caracterizaci\u00f3n, ofrece al individuo una amplia gama de posibles comportamientos normativos para cristalizar aquella libertad. La capacidad para construir el mundo que so\u00f1amos depende del recorrido de cada uno de nosotros: de pasar del miedo, al amor, de empezar a creer en nosotros mismos y de ser capaces de dejar nuestros demonios atr\u00e1s. \u201cser el cambio que queremos ver\u201d.<\/p>\n<p style=\"text-align: justify;\">\u00abPero vamos a ver: \u00bfqui\u00e9n eres t\u00fa?\u00bb. \u00abFausto<\/p>\n<p style=\"text-align: justify;\">Cuando reflexionamos y tomamos distancia y observamos la realidad comenzamos a cambiar. Si queremos una familia diferente, ser diferentes o una sociedad diferente, tenemos que aceptar que, no podemos ser indiferentes. Y para ello, tenemos que luchar por ser, no por dejar de ser. Y para ser, hay que tener un gran sentido de la libertad, y para la libertad, hay que luchar por alcanzarla. La elecci\u00f3n intermedia del 2021 en sus claros obscuros de poder p\u00fablico con sus acciones e inacciones p\u00fablicas de no reflejar las esperanzas sociales de la poblaci\u00f3n de grandes segmentos padecen el desempleo, inseguridad, el sistema de salud colapsado por la pandemia del Covid-19. La pobreza crece, el desempleo aumenta y la debilidad se mantiene. La realidad dice que el proyecto no funciona. Por m\u00e1s discursos y optimismo oficial que se presente ante la ciudadan\u00eda. La econom\u00eda y la pol\u00edtica ante la desvinculaci\u00f3n ante reglas del poder financiero e intereses macroecon\u00f3micas, que afectan a las grandes masas sociales en su desarrollo y calidad de vida.<\/p>\n<p style=\"text-align: justify;\">El pensamiento es lo que uno quiere del deseo .La ley de la correspondencia es nuestro mundo es un espejo .cuando se siente bien al interior habr\u00e1 respuestas positivas y controlar nuestra vida .el poner el mundo interior si hay desorden, uno se convierte uno a trav\u00e9s de sus actitudes y valores. El pensamiento de \u00e9xito y fracaso solo debe cambiar el modo de pensar cambia la vida .los efectos son todo lo que sucede en nuestro entorno con vida positiva con el \u00e9xito que desea al exterior de acuerdo a nuestra actitud .uno mismo cambia nuestros paradigmas personales y econ\u00f3micos. Yo controlo mi realidad, yo creo en m\u00ed mismo es mi vida de libertad y actitud.<\/p>\n<p style=\"text-align: justify;\">\u201cLa pobreza no depende del protagonismo asistencial del Estado con sus formas bifronte \u201ctemor y asistencialismo\u201d o de los precios de las materias primas, sino de pol\u00edticas dirigidas a la educaci\u00f3n, producci\u00f3n, el conocimiento y el desarrollo de tecnolog\u00eda y a la fuerza laboral que permita un ingreso remunerador para las necesidades b\u00e1sicas establecidas por la constituci\u00f3n. \u201d<\/p>\n<p style=\"text-align: justify;\">EL Trabajar y que no alcance para comer. A 39.4% de los trabajadores en M\u00e9xico no le alcanza su ingreso laboral para comprar la canasta de alimentos b\u00e1sica . A eso se le llama pobreza laboral e increment\u00f3 3.8 puntos porcentuales en un a\u00f1o y m\u00e1s de 2 millones que no recuperan su empleo , hasta afectar a 50.1 millones de personas. Es una de las consecuencias m\u00e1s palpables e inmediatas de la pandemia. El Aumentaron los precios de los alimentos y se redujeron los ingresos laborales, una combinaci\u00f3n demoledora. CONEVAL.<\/p>\n","protected":false},"excerpt":{"rendered":"<p>P\u00e9ndulo Pol\u00edtico ] Emiliano Mateo Carrillo. El panorama sin atracci\u00f3n de unas elecciones cruciales en el pa\u00eds, el escenario electoral se ha convertido en un espect\u00e1culo de banalizaci\u00f3n de poderes circulares e intimidaciones provocando el caos social e inseguridad que solo distrae de lo importante: el debate de ideas, la exigencia de planes concretos, la&#8230;<\/p>\n","protected":false},"author":2,"featured_media":1228647,"comment_status":"closed","ping_status":"closed","sticky":false,"template":"","format":"standard","meta":{"footnotes":""},"categories":[2071,1991],"tags":[7892,14457],"class_list":["post-1228645","post","type-post","status-publish","format-standard","has-post-thumbnail","hentry","category-opinion-analisis-columnas","category-libertad-de-expresion","tag-emiliano-mateo-carrillo","tag-pendulo-politico"],"_links":{"self":[{"href":"https:\/\/www.acapulcopress.com\/index.php\/wp-json\/wp\/v2\/posts\/1228645","targetHints":{"allow":["GET"]}}],"collection":[{"href":"https:\/\/www.acapulcopress.com\/index.php\/wp-json\/wp\/v2\/posts"}],"about":[{"href":"https:\/\/www.acapulcopress.com\/index.php\/wp-json\/wp\/v2\/types\/post"}],"author":[{"embeddable":true,"href":"https:\/\/www.acapulcopress.com\/index.php\/wp-json\/wp\/v2\/users\/2"}],"replies":[{"embeddable":true,"href":"https:\/\/www.acapulcopress.com\/index.php\/wp-json\/wp\/v2\/comments?post=1228645"}],"version-history":[{"count":0,"href":"https:\/\/www.acapulcopress.com\/index.php\/wp-json\/wp\/v2\/posts\/1228645\/revisions"}],"wp:featuredmedia":[{"embeddable":true,"href":"https:\/\/www.acapulcopress.com\/index.php\/wp-json\/"}],"wp:attachment":[{"href":"https:\/\/www.acapulcopress.com\/index.php\/wp-json\/wp\/v2\/media?parent=1228645"}],"wp:term":[{"taxonomy":"category","embeddable":true,"href":"https:\/\/www.acapulcopress.com\/index.php\/wp-json\/wp\/v2\/categories?post=1228645"},{"taxonomy":"post_tag","embeddable":true,"href":"https:\/\/www.acapulcopress.com\/index.php\/wp-json\/wp\/v2\/tags?post=1228645"}],"curies":[{"name":"wp","href":"https:\/\/api.w.org\/{rel}","templated":true}]}}