{"id":1228654,"date":"2021-05-28T21:11:52","date_gmt":"2021-05-29T02:11:52","guid":{"rendered":"https:\/\/www.acapulco.press\/?p=1228654"},"modified":"2021-05-28T21:11:52","modified_gmt":"2021-05-29T02:11:52","slug":"trabajadores-del-sector-salud-de-acapulco-respaldan-a-ricardo-taja-y-mario-moreno","status":"publish","type":"post","link":"https:\/\/www.acapulcopress.com\/index.php\/2021\/05\/28\/trabajadores-del-sector-salud-de-acapulco-respaldan-a-ricardo-taja-y-mario-moreno\/","title":{"rendered":"Trabajadores del sector Salud de Acapulco respaldan a Ricardo Taja y Mario Moreno"},"content":{"rendered":"<p style=\"text-align: justify;\">] ACAPULCO. * 28 de mayo de 2021.<br \/>\n<em>) Especial.<\/em><\/p>\n<p style=\"text-align: justify;\">\u201cTaja, amigo, Salud est\u00e1 contigo\u00bb fue la porra con la que al ritmo de los tambores recibieron a los candidatos a la <img loading=\"lazy\" decoding=\"async\" class=\"alignleft size-medium wp-image-1228657\" src=\"https:\/\/www.acapulco.press\/wp-content\/uploads\/2021\/05\/SALUD-MARIO-Y-TAJA3-375x250.jpeg\" alt=\"\" width=\"375\" height=\"250\" \/>presidencia municipal de Acapulco y gubernatura de Guerrero, Ricardo Taja Ram\u00edrez y Mario Moreno Arcos, a quienes refrendaron su apoyo para llevarlos al triunfo este 6 de junio.<\/p>\n<p style=\"text-align: justify;\">Ricardo Taja salud\u00f3 a todos los presentes y a su paso era apapachado y saludado con emoci\u00f3n, confianza y apoyo por el gremio de la salud, representado por Beatriz V\u00e9lez N\u00fa\u00f1ez, candidata a diputada federal por el distrito 07. Ah\u00ed, el candidato ratific\u00f3 que no crecer\u00e1n los problemas de Acapulco y adelant\u00f3 que, junto con la clase trabajadora, buscar\u00e1 solucionarlos.<\/p>\n<p style=\"text-align: justify;\"><img loading=\"lazy\" decoding=\"async\" class=\"alignleft size-medium wp-image-1228656\" src=\"https:\/\/www.acapulco.press\/wp-content\/uploads\/2021\/05\/SALUD-MARIO-Y-TAJA2-375x250.jpeg\" alt=\"\" width=\"375\" height=\"250\" \/>Reconoci\u00f3 que el sector m\u00e1s golpeado es el de salud y por ello \u201cno nos puede gobernar alguien que solamente cante y no proponga. Guerrero no est\u00e1 para que alguien venga a jugar con nuestras familias, con nuestro presente y futuro.<br \/>\nMario Moreno y Ricardo Taja no somos perfectos, pero s\u00ed tenemos experiencia y somos gente de trabajo hecho\u201d.<\/p>\n<p style=\"text-align: justify;\">Por su parte, Mario Moreno Arcos refiri\u00f3 en que trabajar\u00e1n en conjunto por la formalizaci\u00f3n de contratos y recategorizaci\u00f3n salarial en el sector salud del estado. \u201cQue se les pague como debe ser y por lo que son\u201d. Ofreci\u00f3 impulsar programas de medicamentos para todos los centros hospitalarios y regresar las estancias infantiles.<\/p>\n<p style=\"text-align: justify;\">Finalmente, el candidato de la Alianza PRI-PRD, Ricardo Taja Ram\u00edrez, convoc\u00f3 a los expertos en la salud a salir a votar este 6 de junio.<\/p>\n<p style=\"text-align: justify;\">\u201cQue este encuentro no solo sea evento de amigos sino que sea un encuentro de compromisos mutuos donde saquemos adelante el futuro de Acapulco y de Guerrero\u201d.<\/p>\n","protected":false},"excerpt":{"rendered":"<p>] ACAPULCO. * 28 de mayo de 2021. ) Especial. \u201cTaja, amigo, Salud est\u00e1 contigo\u00bb fue la porra con la que al ritmo de los tambores recibieron a los candidatos a la presidencia municipal de Acapulco y gubernatura de Guerrero, Ricardo Taja Ram\u00edrez y Mario Moreno Arcos, a quienes refrendaron su apoyo para llevarlos al&#8230;<\/p>\n","protected":false},"author":2,"featured_media":1228655,"comment_status":"closed","ping_status":"closed","sticky":false,"template":"","format":"standard","meta":{"footnotes":""},"categories":[2052,18561],"tags":[2172,3684,4246,5928,5938,9302,12685,15607,17705],"class_list":["post-1228654","post","type-post","status-publish","format-standard","has-post-thumbnail","hentry","category-elecciones","category-society-politics","tag-borron-y-cuenta-nueva-en-agua-y-predial","tag-alianza-pri-prd-guerrero-2021","tag-asi-gana-guerrero","tag-coalicion-va-por-guerrero","tag-coalicion-pri-prd","tag-gobierno-de-guerrero","tag-mario-moreno-arcos","tag-ricardo-taja-ramirez-presidencia-de-acapulco","tag-va-por-acapulco"],"_links":{"self":[{"href":"https:\/\/www.acapulcopress.com\/index.php\/wp-json\/wp\/v2\/posts\/1228654","targetHints":{"allow":["GET"]}}],"collection":[{"href":"https:\/\/www.acapulcopress.com\/index.php\/wp-json\/wp\/v2\/posts"}],"about":[{"href":"https:\/\/www.acapulcopress.com\/index.php\/wp-json\/wp\/v2\/types\/post"}],"author":[{"embeddable":true,"href":"https:\/\/www.acapulcopress.com\/index.php\/wp-json\/wp\/v2\/users\/2"}],"replies":[{"embeddable":true,"href":"https:\/\/www.acapulcopress.com\/index.php\/wp-json\/wp\/v2\/comments?post=1228654"}],"version-history":[{"count":0,"href":"https:\/\/www.acapulcopress.com\/index.php\/wp-json\/wp\/v2\/posts\/1228654\/revisions"}],"wp:featuredmedia":[{"embeddable":true,"href":"https:\/\/www.acapulcopress.com\/index.php\/wp-json\/"}],"wp:attachment":[{"href":"https:\/\/www.acapulcopress.com\/index.php\/wp-json\/wp\/v2\/media?parent=1228654"}],"wp:term":[{"taxonomy":"category","embeddable":true,"href":"https:\/\/www.acapulcopress.com\/index.php\/wp-json\/wp\/v2\/categories?post=1228654"},{"taxonomy":"post_tag","embeddable":true,"href":"https:\/\/www.acapulcopress.com\/index.php\/wp-json\/wp\/v2\/tags?post=1228654"}],"curies":[{"name":"wp","href":"https:\/\/api.w.org\/{rel}","templated":true}]}}