{"id":1228664,"date":"2021-05-28T21:25:37","date_gmt":"2021-05-29T02:25:37","guid":{"rendered":"https:\/\/www.acapulco.press\/?p=1228664"},"modified":"2021-05-28T21:25:37","modified_gmt":"2021-05-29T02:25:37","slug":"sindicalizados-de-capama-aclaman-a-mario-moreno-proximo-gobernador-de-guerrero","status":"publish","type":"post","link":"https:\/\/www.acapulcopress.com\/index.php\/2021\/05\/28\/sindicalizados-de-capama-aclaman-a-mario-moreno-proximo-gobernador-de-guerrero\/","title":{"rendered":"Sindicalizados de CAPAMA aclaman a Mario Moreno pr\u00f3ximo Gobernador de Guerrero"},"content":{"rendered":"<p style=\"text-align: justify;\">] ACAPULCO. * 28 de mayo de 2021.<br \/>\n<em>) Especial.<\/em><\/p>\n<p style=\"text-align: justify;\">Mario Moreno Arcos, candidato de la alianza PRI-PRD fue \u201ccobijado\u201d por trabajadores de la Comisi\u00f3n de Alcantarillado y Agua Potable de Acapulco (CAPAMA) de este puerto, los que le expresaron su respaldo al proyecto <img loading=\"lazy\" decoding=\"async\" class=\"alignleft size-medium wp-image-1228668\" src=\"https:\/\/www.acapulco.press\/wp-content\/uploads\/2021\/05\/mario-moreno4-375x250.jpeg\" alt=\"\" width=\"375\" height=\"250\" \/>de gobierno que enarbola, seguros de que habr\u00e1 de cumplirle a la ciudadan\u00eda cuando sea el gobernador de Guerrero.<\/p>\n<p style=\"text-align: justify;\">Durante el encuentro que tuvo Mario Moreno Arcos, los empleados municipales integrantes de la Secci\u00f3n 27 del SUSPEG, le dijeron que se suman a su campa\u00f1a en estos \u00faltimos d\u00edas que ser\u00e1n decisorios, pues conocen su trayectoria y que siempre cumple sus compromisos.<\/p>\n<p style=\"text-align: justify;\">Mario Moreno Arcos, agradeci\u00f3 el apoyo que ha recibido de parte de la Secci\u00f3n 27 desde que aspiraba a ser el candidato del PRI reci\u00e9n salido de la Secretar\u00eda de Desarrollo Social en <img loading=\"lazy\" decoding=\"async\" class=\"alignleft size-medium wp-image-1228667\" src=\"https:\/\/www.acapulco.press\/wp-content\/uploads\/2021\/05\/mario-moreno3-375x250.jpeg\" alt=\"\" width=\"375\" height=\"250\" \/>el gobierno de H\u00e9ctor Astudillo Flores, y las muestras de aprecio que se han intensificado.<\/p>\n<p style=\"text-align: justify;\">Les dijo que va camino a la victoria porque la ciudadan\u00eda le ha dado el impulso necesario para que sea su gobernador y en cuanto tome las riendas del gobierno del estado en coordinaci\u00f3n con Ricardo Taja que ser\u00e1 presidente municipal, atender\u00e1n la problem\u00e1tica que prevalece en ese organismo.<\/p>\n<p style=\"text-align: justify;\">Reiter\u00f3 que va a trabajar en conjunto con Taja Ram\u00edrez para solucionar el problema del agua potable en beneficio de las <img loading=\"lazy\" decoding=\"async\" class=\"alignleft size-medium wp-image-1228669\" src=\"https:\/\/www.acapulco.press\/wp-content\/uploads\/2021\/05\/mario-moreno5-375x250.jpeg\" alt=\"\" width=\"375\" height=\"250\" \/>familias acapulque\u00f1as. Y adelant\u00f3 que se tendr\u00e1 un sistema de agua m\u00e1s eficiente en el puerto y dotar a las familias de este vital l\u00edquido.<\/p>\n<p style=\"text-align: justify;\">En entrevista Moreno Arcos reconoci\u00f3 que el tema de CAPAMA es todo un reto, pero nada imposible, y record\u00f3 que siendo presidente municipal en Chilpancingo le dio atenci\u00f3n al tema de CAPACH en forma directa.<\/p>\n<p style=\"text-align: justify;\">\u201cEs algo que debe asumir con mucha responsabilidad el pr\u00f3ximo presidente municipal a m\u00ed me toc\u00f3 en CAPACH en Chilpancingo iniciar un proceso de liquidaci\u00f3n y retiro <img loading=\"lazy\" decoding=\"async\" class=\"alignleft size-medium wp-image-1228670\" src=\"https:\/\/www.acapulco.press\/wp-content\/uploads\/2021\/05\/mario-moreno6-375x250.jpeg\" alt=\"\" width=\"375\" height=\"250\" \/>voluntario de muchos trabajadores y eso es lo que hay que impulsar. Ver con los trabajadores que podemos llevarlo a un esquema que les favorezca a ellos y que le favorezca al organismo operador de agua\u201d.<\/p>\n<p style=\"text-align: justify;\">El l\u00edder sindical Gonzalo Arias, dijo que los trabajadores de la paramunicipal apoyan el proyecto <em>Va por Guerrero<\/em>, y tambi\u00e9n a Ricardo Taja, como candidato a presidente municipal de Acapulco pues saben que juntos, en un trabajo coordinado ayudar\u00e1n al puerto m\u00e1s bello del mundo, como es la perla del pac\u00edfico.<\/p>\n<p style=\"text-align: justify;\">Pero tambi\u00e9n, porque conf\u00edan que a su llegada habr\u00e1n de poner las cosas en orden en la CAPAMA y que el agua realmente les llegue a los ciudadanos pues saben que hasta ahora solo ha habido simulaci\u00f3n en las pol\u00edticas p\u00fablicas que han implementado otras administraciones.<\/p>\n","protected":false},"excerpt":{"rendered":"<p>] ACAPULCO. * 28 de mayo de 2021. ) Especial. Mario Moreno Arcos, candidato de la alianza PRI-PRD fue \u201ccobijado\u201d por trabajadores de la Comisi\u00f3n de Alcantarillado y Agua Potable de Acapulco (CAPAMA) de este puerto, los que le expresaron su respaldo al proyecto de gobierno que enarbola, seguros de que habr\u00e1 de cumplirle a&#8230;<\/p>\n","protected":false},"author":2,"featured_media":1228666,"comment_status":"closed","ping_status":"closed","sticky":false,"template":"","format":"standard","meta":{"footnotes":""},"categories":[1972],"tags":[3684,4246,5928,6083,9302,12685,16118,16948,17706],"class_list":["post-1228664","post","type-post","status-publish","format-standard","has-post-thumbnail","hentry","category-special","tag-alianza-pri-prd-guerrero-2021","tag-asi-gana-guerrero","tag-coalicion-va-por-guerrero","tag-comision-de-alcantarillado-y-agua-potable-de-acapulco-capama","tag-gobierno-de-guerrero","tag-mario-moreno-arcos","tag-seccion-27-suspeg-capama","tag-suspeg","tag-va-por-guerrero"],"_links":{"self":[{"href":"https:\/\/www.acapulcopress.com\/index.php\/wp-json\/wp\/v2\/posts\/1228664","targetHints":{"allow":["GET"]}}],"collection":[{"href":"https:\/\/www.acapulcopress.com\/index.php\/wp-json\/wp\/v2\/posts"}],"about":[{"href":"https:\/\/www.acapulcopress.com\/index.php\/wp-json\/wp\/v2\/types\/post"}],"author":[{"embeddable":true,"href":"https:\/\/www.acapulcopress.com\/index.php\/wp-json\/wp\/v2\/users\/2"}],"replies":[{"embeddable":true,"href":"https:\/\/www.acapulcopress.com\/index.php\/wp-json\/wp\/v2\/comments?post=1228664"}],"version-history":[{"count":0,"href":"https:\/\/www.acapulcopress.com\/index.php\/wp-json\/wp\/v2\/posts\/1228664\/revisions"}],"wp:featuredmedia":[{"embeddable":true,"href":"https:\/\/www.acapulcopress.com\/index.php\/wp-json\/"}],"wp:attachment":[{"href":"https:\/\/www.acapulcopress.com\/index.php\/wp-json\/wp\/v2\/media?parent=1228664"}],"wp:term":[{"taxonomy":"category","embeddable":true,"href":"https:\/\/www.acapulcopress.com\/index.php\/wp-json\/wp\/v2\/categories?post=1228664"},{"taxonomy":"post_tag","embeddable":true,"href":"https:\/\/www.acapulcopress.com\/index.php\/wp-json\/wp\/v2\/tags?post=1228664"}],"curies":[{"name":"wp","href":"https:\/\/api.w.org\/{rel}","templated":true}]}}