{"id":1228677,"date":"2021-05-29T17:51:31","date_gmt":"2021-05-29T22:51:31","guid":{"rendered":"https:\/\/www.acapulco.press\/?p=1228677"},"modified":"2021-05-29T17:51:31","modified_gmt":"2021-05-29T22:51:31","slug":"menos-violencia-mas-paz-y-seguridad-en-acapulco-exige-el-guero-alonso","status":"publish","type":"post","link":"https:\/\/www.acapulcopress.com\/index.php\/2021\/05\/29\/menos-violencia-mas-paz-y-seguridad-en-acapulco-exige-el-guero-alonso\/","title":{"rendered":"\u00abMenos violencia, m\u00e1s paz y seguridad\u00bb en Acapulco, exige el \u00abG\u00fcero\u00bb Alonso"},"content":{"rendered":"<p style=\"text-align: justify;\"><img loading=\"lazy\" decoding=\"async\" class=\"alignnone wp-image-1228678 size-large\" src=\"https:\/\/www.acapulco.press\/wp-content\/uploads\/2021\/05\/FXM-ALONSO-840x472.jpg\" alt=\"\" width=\"840\" height=\"472\" \/><\/p>\n<p>] ACAPULCO. * 29 de mayo de 2021.<br \/>\n<em>) Especial.<\/em><\/p>\n<p>Tras el atentado que sufriera el pasado mi\u00e9rcoles, el candidato a la presidencia municipal de Acapulco del partido Fuerza por M\u00e9xico, Jos\u00e9 Alberto \u00abG\u00fcero\u00bb Alonso, el d\u00eda de hoy encabez\u00f3 una marcha pac\u00edfica con el objetivo de exigirle al gobierno que regrese la paz y la tranquilidad a las calles de Acapulco.<\/p>\n<p style=\"text-align: justify;\"><img loading=\"lazy\" decoding=\"async\" class=\"alignleft size-medium wp-image-1228679\" src=\"https:\/\/www.acapulco.press\/wp-content\/uploads\/2021\/05\/FXM-ALONSO2-375x375.jpg\" alt=\"\" width=\"375\" height=\"375\" \/>\u201cLes agradezco las muestras de cari\u00f1o y solidaridad, acompa\u00f1\u00e1ndonos a esta marcha por la paz. A mi el d\u00eda de hoy me toca ser una v\u00edctima m\u00e1s de tanta violencia que hemos vivido en Acapulco, Guerrero y en el pa\u00eds\u201d, dijo en su mensaje el \u201cG\u00fcero\u201d Alonso.<\/p>\n<p style=\"text-align: justify;\">Aproximadamente a las 10:20 horas, sociedad civil, asociaciones, organizaciones y simpatizantes y militantes de otros partidos pol\u00edticos distintos al del candidato como lo fue<em> Movimiento Ciudadano<\/em>, se reunieron en el asta bandera con direcci\u00f3n al H. Ayuntamiento de Acapulco para comenzar con su llamada de cero violencia.<\/p>\n<p style=\"text-align: justify;\">\u201cEsto es un llamado, un \u00a1Ya basta!. queremos un M\u00e9xico libre de violencia, somos m\u00e1s los que queremos hacer las cosas bien, que podemos contra los que quieren hacer las cosas mal, enfatiz\u00f3 Alonso.<\/p>\n<p style=\"text-align: justify;\">El dirigente estatal de <em>Fuerza por M\u00e9xico,<\/em> Fernando Haces Barba, dijo que este no era un evento partidario, sino m\u00e1s bien una forma de alzar la voz de la ciudadania.<\/p>\n<p style=\"text-align: justify;\">\u201cYo creo que ya no se vale, ya estamos mas que espantados, estamos tristes, estamos hasta la madre, yo creo que ya estuvo bueno, hay que pedirle a las autoridades que se pongan a trabajar por el bien de todos\u201d, puntualiz\u00f3.<\/p>\n<p style=\"text-align: justify;\">Por \u00faltimo, Jos\u00e9 Alberto \u201cG\u00fcero\u201d Alonso, hizo un llamado a toda la sociedad civil a unirse y poder tener de regreso al Acapulco del que todos disfrutaban.<\/p>\n<p style=\"text-align: justify;\">\u201cHoy me ha tocado a m\u00ed tener los reflectores pero, \u00bfqu\u00e9 pasa con todas las familias que sufren violencia, que han sufrido alg\u00fan secuestro, que han sufrido alguna extorsi\u00f3n?, a todas esas familias mi solidaridad. Entendemos todo lo que han sufrido, lo que han vivido y por eso vamos en una sola voz para la paz, la paz para Acapulco, la paz que tanto necesitamos para que nuestra familia y nuestro hijos vuelvan a salir a transitar en santa paz, finaliz\u00f3.<\/p>\n","protected":false},"excerpt":{"rendered":"<p>] ACAPULCO. * 29 de mayo de 2021. ) Especial. Tras el atentado que sufriera el pasado mi\u00e9rcoles, el candidato a la presidencia municipal de Acapulco del partido Fuerza por M\u00e9xico, Jos\u00e9 Alberto \u00abG\u00fcero\u00bb Alonso, el d\u00eda de hoy encabez\u00f3 una marcha pac\u00edfica con el objetivo de exigirle al gobierno que regrese la paz y&#8230;<\/p>\n","protected":false},"author":2,"featured_media":1228680,"comment_status":"closed","ping_status":"closed","sticky":false,"template":"","format":"standard","meta":{"footnotes":""},"categories":[1972],"tags":[8529,8985,10966],"class_list":["post-1228677","post","type-post","status-publish","format-standard","has-post-thumbnail","hentry","category-special","tag-fernando-haces-barba","tag-fuerza-por-mexico","tag-jose-alberto-guero-alonso"],"_links":{"self":[{"href":"https:\/\/www.acapulcopress.com\/index.php\/wp-json\/wp\/v2\/posts\/1228677","targetHints":{"allow":["GET"]}}],"collection":[{"href":"https:\/\/www.acapulcopress.com\/index.php\/wp-json\/wp\/v2\/posts"}],"about":[{"href":"https:\/\/www.acapulcopress.com\/index.php\/wp-json\/wp\/v2\/types\/post"}],"author":[{"embeddable":true,"href":"https:\/\/www.acapulcopress.com\/index.php\/wp-json\/wp\/v2\/users\/2"}],"replies":[{"embeddable":true,"href":"https:\/\/www.acapulcopress.com\/index.php\/wp-json\/wp\/v2\/comments?post=1228677"}],"version-history":[{"count":0,"href":"https:\/\/www.acapulcopress.com\/index.php\/wp-json\/wp\/v2\/posts\/1228677\/revisions"}],"wp:featuredmedia":[{"embeddable":true,"href":"https:\/\/www.acapulcopress.com\/index.php\/wp-json\/"}],"wp:attachment":[{"href":"https:\/\/www.acapulcopress.com\/index.php\/wp-json\/wp\/v2\/media?parent=1228677"}],"wp:term":[{"taxonomy":"category","embeddable":true,"href":"https:\/\/www.acapulcopress.com\/index.php\/wp-json\/wp\/v2\/categories?post=1228677"},{"taxonomy":"post_tag","embeddable":true,"href":"https:\/\/www.acapulcopress.com\/index.php\/wp-json\/wp\/v2\/tags?post=1228677"}],"curies":[{"name":"wp","href":"https:\/\/api.w.org\/{rel}","templated":true}]}}