{"id":1228689,"date":"2021-05-29T18:42:09","date_gmt":"2021-05-29T23:42:09","guid":{"rendered":"https:\/\/www.acapulco.press\/?p=1228689"},"modified":"2021-05-29T18:42:09","modified_gmt":"2021-05-29T23:42:09","slug":"lideres-transportistas-de-guerrero-desbordan-su-apoyo-a-ricardo-taja-y-mario-moreno","status":"publish","type":"post","link":"https:\/\/www.acapulcopress.com\/index.php\/2021\/05\/29\/lideres-transportistas-de-guerrero-desbordan-su-apoyo-a-ricardo-taja-y-mario-moreno\/","title":{"rendered":"L\u00edderes Transportistas de Guerrero desbordan su apoyo a Ricardo Taja y Mario Moreno"},"content":{"rendered":"<p style=\"text-align: justify;\"><img loading=\"lazy\" decoding=\"async\" class=\"alignnone wp-image-1228692 size-large\" src=\"https:\/\/www.acapulco.press\/wp-content\/uploads\/2021\/05\/TRASNSPORTISTAS-MMA3-840x560.jpeg\" alt=\"\" width=\"840\" height=\"560\" \/><\/p>\n<p>] ACAPULCO. * 29 de mayo de 2021.<br \/>\n<em>) Especial.<\/em><\/p>\n<p style=\"text-align: justify;\">Trabajadores del volante, encabezados por Miguel \u00c1ngel Pi\u00f1a Garibay, evidenciaron su fuerza a trav\u00e9s de la Uni\u00f3n de L\u00edderes del Transporte de Guerrero con una concentraci\u00f3n realizada en la Zona Diamante, donde tambi\u00e9n se mostr\u00f3 <img loading=\"lazy\" decoding=\"async\" class=\"alignleft size-medium wp-image-1228691\" src=\"https:\/\/www.acapulco.press\/wp-content\/uploads\/2021\/05\/TRASNSPORTISTAS-MMA2-375x250.jpeg\" alt=\"\" width=\"375\" height=\"250\" \/>el respaldo de la maquinaria pol\u00edtica nacional con la presencia de los senadores Miguel \u00c1ngel Osorio Chong, Beatriz Paredes Rangel, Claudia Ruiz Massieu, Nubia Mayorga y Miguel Mancera, quienes aseguraron que Guerrero y Acapulco alcanzar\u00e1n la victoria con Ricardo Taja y Mario Moreno.<\/p>\n<p style=\"text-align: justify;\">Ricardo Taja Ram\u00edrez reiter\u00f3 el compromiso que tiene con el transporte, critic\u00f3 el mal actuar de Morena en ese sector ya que ha salido muy lastimado y asegur\u00f3 que cumplir\u00e1 los compromisos que tiene con ellos como el descuento en licencias, compras de flotillas de gr\u00faas, corral\u00f3n municipal y <img loading=\"lazy\" decoding=\"async\" class=\"alignleft size-medium wp-image-1228693\" src=\"https:\/\/www.acapulco.press\/wp-content\/uploads\/2021\/05\/TRASNSPORTISTAS-MMA4-375x250.jpeg\" alt=\"\" width=\"375\" height=\"250\" \/>la colonia del transportista.<\/p>\n<p style=\"text-align: justify;\">\u00abMi compromiso con el transporte es que el Ayuntamiento comprar\u00e1 una flotilla de gr\u00faas y pondr\u00e1 en marcha el corral\u00f3n municipal para que dejen ser extorsionados por las empresas gruyeras privadas de Acapulco y les asegur\u00f3 que los primeros meses del a\u00f1o pagar\u00e1n solo el 30 por ciento de las licencias\u00bb.<\/p>\n<p style=\"text-align: justify;\">Taja Ram\u00edrez destac\u00f3 que Guerrero no est\u00e1 para improvisaciones y por eso Mario Moreno es la mejor y \u00fanica opci\u00f3n para hacerle frente al estado de Guerrero. \u201cSe trata de <img loading=\"lazy\" decoding=\"async\" class=\"alignleft size-medium wp-image-1228690\" src=\"https:\/\/www.acapulco.press\/wp-content\/uploads\/2021\/05\/TRASNSPORTISTAS-MMA-375x250.jpeg\" alt=\"\" width=\"375\" height=\"250\" \/>un voto por la continuidad de un gobierno que ha dado estabilidad al estado\u201d.<\/p>\n<p style=\"text-align: justify;\">Por su parte, el candidato de la coalici\u00f3n PRI-PRD, Mario Moreno Arcos, dijo que impulsar\u00e1n cr\u00e9ditos blandos para que tengan nuevas unidades, la conversi\u00f3n de gasolina a gas y una vez llegando al gobierno estatal comenzar\u00e1 una transformaci\u00f3n hacia las energ\u00edas renovables y m\u00e1s limpias.<\/p>\n<p style=\"text-align: justify;\">\u201cVamos a impulsar junto con Ricardo Taja fuertemente el turismo para que los transportistas tambi\u00e9n se beneficien desde ese rubro, el cual fue muy golpeado durante la pandemia\u201d.<\/p>\n<p style=\"text-align: justify;\">El l\u00edder transportista Antonio Catal\u00e1n destac\u00f3 que los transportistas tienen la visi\u00f3n real de quienes son los mejores candidatos. \u201cHoy podemos decir, ante la presencia de grandes pol\u00edticos federales, todos juntos vamos a llevar al triunfo a Ricardo Taja y Mario Moreno, no hay duda de que se ganar\u00e1\u201d.<\/p>\n<p style=\"text-align: justify;\">En su participaci\u00f3n, Jes\u00fas Lima se\u00f1al\u00f3 que al transporte se le ha faltado el respeto y no quieren sufrir la misma pesadilla de hace 3 a\u00f1os. \u201cPor eso le levantamos la mano a Taja porque \u00e9l ser\u00e1 nuestro pr\u00f3ximo presidente y lo queremos de aliado. Hoy me siento entusiasmado y esta algarab\u00eda me contagia y espero que el 6 de junio nos contagiamos para salir votar\u201d.<\/p>\n<p style=\"text-align: justify;\">Los conductores presentaron un pliego petitorio donde solicitan incluirlos en programas sociales como vivienda, seguro social, becas para los hijos, cr\u00e9ditos para autom\u00f3viles, empleos temporales, adquisiciones de gr\u00faas, descuentos en finanzas, tenencias, revista, expedici\u00f3n inicial, refrendo, transparencia de derecho, altas y bajas y cambio de propietario de veh\u00edculo.<\/p>\n<p style=\"text-align: justify;\">Ricardo Taja y Mario Moreno empe\u00f1aron su palabra para resolver todas sus solicitudes y sacarlos del abandono que los dej\u00f3 el gobierno de Morena.<\/p>\n<p style=\"text-align: justify;\">En el evento de los transportistas estuvieron presentes los candidatos a diputados local y federal Ricardo Astudillo Calvo, Jaime Luis Col\u00f3n Garc\u00eda, Rogelio Hern\u00e1ndez Cruz y Sheila Soto Manzano as\u00ed como el coordinador de campa\u00f1a en Acapulco de Mario Moreno, Evodio Vel\u00e1zquez Aguirre.<\/p>\n","protected":false},"excerpt":{"rendered":"<p>] ACAPULCO. * 29 de mayo de 2021. ) Especial. Trabajadores del volante, encabezados por Miguel \u00c1ngel Pi\u00f1a Garibay, evidenciaron su fuerza a trav\u00e9s de la Uni\u00f3n de L\u00edderes del Transporte de Guerrero con una concentraci\u00f3n realizada en la Zona Diamante, donde tambi\u00e9n se mostr\u00f3 el respaldo de la maquinaria pol\u00edtica nacional con la presencia&#8230;<\/p>\n","protected":false},"author":2,"featured_media":1228694,"comment_status":"closed","ping_status":"closed","sticky":false,"template":"","format":"standard","meta":{"footnotes":""},"categories":[1972],"tags":[3684,4246,5928,5938,9302,12685,13105,15606,17589,17705],"class_list":["post-1228689","post","type-post","status-publish","format-standard","has-post-thumbnail","hentry","category-special","tag-alianza-pri-prd-guerrero-2021","tag-asi-gana-guerrero","tag-coalicion-va-por-guerrero","tag-coalicion-pri-prd","tag-gobierno-de-guerrero","tag-mario-moreno-arcos","tag-miguel-angel-pina-garibay","tag-ricardo-taja-ramirez","tag-union-de-lideres-del-transporte-de-guerrero","tag-va-por-acapulco"],"_links":{"self":[{"href":"https:\/\/www.acapulcopress.com\/index.php\/wp-json\/wp\/v2\/posts\/1228689","targetHints":{"allow":["GET"]}}],"collection":[{"href":"https:\/\/www.acapulcopress.com\/index.php\/wp-json\/wp\/v2\/posts"}],"about":[{"href":"https:\/\/www.acapulcopress.com\/index.php\/wp-json\/wp\/v2\/types\/post"}],"author":[{"embeddable":true,"href":"https:\/\/www.acapulcopress.com\/index.php\/wp-json\/wp\/v2\/users\/2"}],"replies":[{"embeddable":true,"href":"https:\/\/www.acapulcopress.com\/index.php\/wp-json\/wp\/v2\/comments?post=1228689"}],"version-history":[{"count":0,"href":"https:\/\/www.acapulcopress.com\/index.php\/wp-json\/wp\/v2\/posts\/1228689\/revisions"}],"wp:featuredmedia":[{"embeddable":true,"href":"https:\/\/www.acapulcopress.com\/index.php\/wp-json\/"}],"wp:attachment":[{"href":"https:\/\/www.acapulcopress.com\/index.php\/wp-json\/wp\/v2\/media?parent=1228689"}],"wp:term":[{"taxonomy":"category","embeddable":true,"href":"https:\/\/www.acapulcopress.com\/index.php\/wp-json\/wp\/v2\/categories?post=1228689"},{"taxonomy":"post_tag","embeddable":true,"href":"https:\/\/www.acapulcopress.com\/index.php\/wp-json\/wp\/v2\/tags?post=1228689"}],"curies":[{"name":"wp","href":"https:\/\/api.w.org\/{rel}","templated":true}]}}