{"id":1228896,"date":"2021-06-01T20:46:27","date_gmt":"2021-06-02T01:46:27","guid":{"rendered":"https:\/\/www.acapulco.press\/?p=1228896"},"modified":"2021-06-01T20:46:27","modified_gmt":"2021-06-02T01:46:27","slug":"fge-consigue-vincular-a-proceso-a-dos-feminicidas-de-tlapa","status":"publish","type":"post","link":"https:\/\/www.acapulcopress.com\/index.php\/2021\/06\/01\/fge-consigue-vincular-a-proceso-a-dos-feminicidas-de-tlapa\/","title":{"rendered":"FGE consigue vincular a proceso a dos feminicidas de Tlapa"},"content":{"rendered":"<p style=\"text-align: justify;\">] CHILPANCINGO. *\u00a0 de mayo de 2021.<br \/>\n<em>) <a href=\"https:\/\/fiscaliaguerrero.gob.mx\" target=\"_blank\" rel=\"noopener\">https:\/\/fiscaliaguerrero.gob.mx<\/a>.<\/em><\/p>\n<p style=\"text-align: justify;\">El Ministerio P\u00fablico adscrito a Tlapa de Comonfort obtuvo la vinculaci\u00f3n a proceso en contra de Samuel \u00abN\u00bb y L\u00e1zaro \u00abN\u00bb, como <img loading=\"lazy\" decoding=\"async\" class=\"alignleft size-medium wp-image-1228907\" src=\"https:\/\/www.acapulco.press\/wp-content\/uploads\/2021\/06\/fge-lazaro-y-samuel-375x375.jpg\" alt=\"\" width=\"375\" height=\"375\" \/>probables responsables del delito de feminicidio, homicidio calificado y lesiones calificadas en agravio de un masculino y dos f\u00e9minas, una de ellas menor de edad.<\/p>\n<p style=\"text-align: justify;\">Los imputados son acusados de cometer los delitos el d\u00eda 22 de mayo de 2021, en el momento en que las v\u00edctimas caminaban sobre una carretera de terracer\u00eda que conduce del poblado El Mirador al cerro El Maguey, municipio de Acatepec; saliendo al paso Samuel \u00abN\u00bb y L\u00e1zaro \u00abN\u00bb, quienes portaban armas de fuego y objeto punzocortante, usados en agravio de las v\u00edctimas.<\/p>\n<p style=\"text-align: justify;\">En audiencia inicial y una vez expuestos los datos de prueba dentro de la carpeta judicial C-132\/2021 por los delitos en menci\u00f3n, el Juez de Control y Enjuiciamiento Penal dict\u00f3 vinculaci\u00f3n a proceso en contra de los imputados, otorgando cinco meses de investigaci\u00f3n complementaria, quedando internos en el Centro de Reinserci\u00f3n Social de Tlapa.<\/p>\n<p style=\"text-align: justify;\">La Fiscal\u00eda General del Estado continuar\u00e1 investigando los delitos del fuero com\u00fan y con especial seguimiento los cometidos en temas de igualdad de g\u00e9nero y menores de edad en el estado de Guerrero.<\/p>\n","protected":false},"excerpt":{"rendered":"<p>] CHILPANCINGO. *\u00a0 de mayo de 2021. ) https:\/\/fiscaliaguerrero.gob.mx. El Ministerio P\u00fablico adscrito a Tlapa de Comonfort obtuvo la vinculaci\u00f3n a proceso en contra de Samuel \u00abN\u00bb y L\u00e1zaro \u00abN\u00bb, como probables responsables del delito de feminicidio, homicidio calificado y lesiones calificadas en agravio de un masculino y dos f\u00e9minas, una de ellas menor de&#8230;<\/p>\n","protected":false},"author":2,"featured_media":1228907,"comment_status":"closed","ping_status":"closed","sticky":false,"template":"","format":"standard","meta":{"footnotes":""},"categories":[18561,2005],"tags":[8709,10946,14737],"class_list":["post-1228896","post","type-post","status-publish","format-standard","has-post-thumbnail","hentry","category-society-politics","category-seguridad-y-justicia","tag-fiscalia-general-del-estado-e-guerrero-fgegro","tag-jorge-zuriel-de-los-santos-barrila","tag-policia-ministerial-de-guerrero"],"_links":{"self":[{"href":"https:\/\/www.acapulcopress.com\/index.php\/wp-json\/wp\/v2\/posts\/1228896","targetHints":{"allow":["GET"]}}],"collection":[{"href":"https:\/\/www.acapulcopress.com\/index.php\/wp-json\/wp\/v2\/posts"}],"about":[{"href":"https:\/\/www.acapulcopress.com\/index.php\/wp-json\/wp\/v2\/types\/post"}],"author":[{"embeddable":true,"href":"https:\/\/www.acapulcopress.com\/index.php\/wp-json\/wp\/v2\/users\/2"}],"replies":[{"embeddable":true,"href":"https:\/\/www.acapulcopress.com\/index.php\/wp-json\/wp\/v2\/comments?post=1228896"}],"version-history":[{"count":0,"href":"https:\/\/www.acapulcopress.com\/index.php\/wp-json\/wp\/v2\/posts\/1228896\/revisions"}],"wp:featuredmedia":[{"embeddable":true,"href":"https:\/\/www.acapulcopress.com\/index.php\/wp-json\/"}],"wp:attachment":[{"href":"https:\/\/www.acapulcopress.com\/index.php\/wp-json\/wp\/v2\/media?parent=1228896"}],"wp:term":[{"taxonomy":"category","embeddable":true,"href":"https:\/\/www.acapulcopress.com\/index.php\/wp-json\/wp\/v2\/categories?post=1228896"},{"taxonomy":"post_tag","embeddable":true,"href":"https:\/\/www.acapulcopress.com\/index.php\/wp-json\/wp\/v2\/tags?post=1228896"}],"curies":[{"name":"wp","href":"https:\/\/api.w.org\/{rel}","templated":true}]}}