{"id":1228928,"date":"2021-06-01T21:53:43","date_gmt":"2021-06-02T02:53:43","guid":{"rendered":"https:\/\/www.acapulco.press\/?p=1228928"},"modified":"2021-06-01T21:53:43","modified_gmt":"2021-06-02T02:53:43","slug":"refrenda-mario-moreno-compromiso-con-desarrollo-del-campo","status":"publish","type":"post","link":"https:\/\/www.acapulcopress.com\/index.php\/2021\/06\/01\/refrenda-mario-moreno-compromiso-con-desarrollo-del-campo\/","title":{"rendered":"Refrenda Mario Moreno compromiso con desarrollo del campo"},"content":{"rendered":"<p style=\"text-align: justify;\"><img loading=\"lazy\" decoding=\"async\" class=\"alignnone wp-image-1228940 size-large\" src=\"https:\/\/www.acapulco.press\/wp-content\/uploads\/2021\/06\/MARIO-TAXCO-840x560.jpg\" alt=\"\" width=\"840\" height=\"560\" \/><\/p>\n<p>] COPALILLO\/ATENANGO\/BUENAVISTA, Gro. * 1 de junio de 2021.<br \/>\n<em>) Especial.<\/em><\/p>\n<p style=\"text-align: justify;\">El candidato de la alianza PRI-PRD Mario Moreno Arcos cerr\u00f3 campa\u00f1a en la zona norte, donde recibi\u00f3 el apoyo y cari\u00f1o de la <img loading=\"lazy\" decoding=\"async\" class=\"alignleft size-medium wp-image-1228941\" src=\"https:\/\/www.acapulco.press\/wp-content\/uploads\/2021\/06\/MARIO-VICARIO-375x250.jpg\" alt=\"\" width=\"375\" height=\"250\" \/>gente que le refrend\u00f3 su voto para que sea el pr\u00f3ximo gobernador de Guerrero.<\/p>\n<p style=\"text-align: justify;\">Moreno Arcos acompa\u00f1\u00f3 a las candidatas a presidentas municipales de la coalici\u00f3n PRI-PRD, para el municipio de Copalillo, Reyna Castro Bueno, en Atenango del R\u00edo se reuni\u00f3 con Algimira Gonz\u00e1lez Mart\u00ednez y en Buenavista de Cu\u00e9llar acompa\u00f1\u00f3 a Mar\u00eda Cristina Nieto Uribe.<\/p>\n<p style=\"text-align: justify;\">En cada municipio que visit\u00f3 Mario Moreno refrend\u00f3 su compromiso con los campesinos del estado, para establecer una inversi\u00f3n sin precedente, introducir tractores para tecnificar la <img loading=\"lazy\" decoding=\"async\" class=\"alignleft size-medium wp-image-1228939\" src=\"https:\/\/www.acapulco.press\/wp-content\/uploads\/2021\/06\/mma-region-norte11-375x375.jpeg\" alt=\"\" width=\"375\" height=\"375\" \/>siembra, adem\u00e1s de impulsar el tema del fertilizante para que llegue hasta los pueblos y comunidades y sea un apoyo totalmente gratuito.<\/p>\n<p style=\"text-align: justify;\">En Copalillo y Buenavista de Cu\u00e9llar, Moreno Arcos dijo que para apoyar a las y los artesanos, implementar\u00e1 cr\u00e9ditos a la palabra, para que puedan generar su propio negocio: \u00abYo creo en los guerrerenses, somos gente de palabra, trabajadores\u00bb les dijo.<\/p>\n<p style=\"text-align: justify;\">Al acompa\u00f1ar a Mario Moreno en este recorrido por la regi\u00f3n norte, el ex gobernador de Guerrero Rub\u00e9n Figueroa Alcocer asegur\u00f3 que Mario Moreno ser\u00e1 el pr\u00f3ximo gobernador de Guerrero con el apoyo de la gente pues: \u00abEs un hombre que sabe servir, que ha sido electo<br \/>\n6 veces por los guerrerenses, porque es un distinguido guerrerense, un hombre muy honrado\u00bb.<\/p>\n<p style=\"text-align: justify;\">Y a\u00f1adi\u00f3: \u00abel pueblo le ha dado muchas oportunidades de servir y <img loading=\"lazy\" decoding=\"async\" class=\"alignleft size-medium wp-image-1228938\" src=\"https:\/\/www.acapulco.press\/wp-content\/uploads\/2021\/06\/mma-region-norte10-375x375.jpeg\" alt=\"\" width=\"375\" height=\"375\" \/>siempre ha entregado buenas cuentas por su honestidad, su capacidad y su trabajo para el progreso de Guerrero\u00bb.<\/p>\n<p style=\"text-align: justify;\">Por su parte el abanderado al gobierno de Guerrero tambi\u00e9n pidi\u00f3 dar el voto de confianza para los candidatos a diputados, por el distrito 02 federal Aracely Alvarado Gonz\u00e1lez y por el distrito 23 local, H\u00e9ctor Vicario Castej\u00f3n.<\/p>\n<p style=\"text-align: justify;\">\u00abLos que son del PRD voten todo por el PRD y los que son del PRI, cuatro boletas por el PRI\u00bb, les reafirm\u00f3 Moreno Arcos.<\/p>\n","protected":false},"excerpt":{"rendered":"<p>] COPALILLO\/ATENANGO\/BUENAVISTA, Gro. * 1 de junio de 2021. ) Especial. El candidato de la alianza PRI-PRD Mario Moreno Arcos cerr\u00f3 campa\u00f1a en la zona norte, donde recibi\u00f3 el apoyo y cari\u00f1o de la gente que le refrend\u00f3 su voto para que sea el pr\u00f3ximo gobernador de Guerrero. Moreno Arcos acompa\u00f1\u00f3 a las candidatas a&#8230;<\/p>\n","protected":false},"author":2,"featured_media":1228934,"comment_status":"closed","ping_status":"closed","sticky":false,"template":"","format":"standard","meta":{"footnotes":""},"categories":[1972],"tags":[3684,4246,5928,9302,12685],"class_list":["post-1228928","post","type-post","status-publish","format-standard","has-post-thumbnail","hentry","category-special","tag-alianza-pri-prd-guerrero-2021","tag-asi-gana-guerrero","tag-coalicion-va-por-guerrero","tag-gobierno-de-guerrero","tag-mario-moreno-arcos"],"_links":{"self":[{"href":"https:\/\/www.acapulcopress.com\/index.php\/wp-json\/wp\/v2\/posts\/1228928","targetHints":{"allow":["GET"]}}],"collection":[{"href":"https:\/\/www.acapulcopress.com\/index.php\/wp-json\/wp\/v2\/posts"}],"about":[{"href":"https:\/\/www.acapulcopress.com\/index.php\/wp-json\/wp\/v2\/types\/post"}],"author":[{"embeddable":true,"href":"https:\/\/www.acapulcopress.com\/index.php\/wp-json\/wp\/v2\/users\/2"}],"replies":[{"embeddable":true,"href":"https:\/\/www.acapulcopress.com\/index.php\/wp-json\/wp\/v2\/comments?post=1228928"}],"version-history":[{"count":0,"href":"https:\/\/www.acapulcopress.com\/index.php\/wp-json\/wp\/v2\/posts\/1228928\/revisions"}],"wp:featuredmedia":[{"embeddable":true,"href":"https:\/\/www.acapulcopress.com\/index.php\/wp-json\/"}],"wp:attachment":[{"href":"https:\/\/www.acapulcopress.com\/index.php\/wp-json\/wp\/v2\/media?parent=1228928"}],"wp:term":[{"taxonomy":"category","embeddable":true,"href":"https:\/\/www.acapulcopress.com\/index.php\/wp-json\/wp\/v2\/categories?post=1228928"},{"taxonomy":"post_tag","embeddable":true,"href":"https:\/\/www.acapulcopress.com\/index.php\/wp-json\/wp\/v2\/tags?post=1228928"}],"curies":[{"name":"wp","href":"https:\/\/api.w.org\/{rel}","templated":true}]}}