{"id":1228946,"date":"2021-06-01T22:36:57","date_gmt":"2021-06-02T03:36:57","guid":{"rendered":"https:\/\/www.acapulco.press\/?p=1228946"},"modified":"2021-06-01T22:36:57","modified_gmt":"2021-06-02T03:36:57","slug":"cierra-campana-mario-moreno-en-chilpancingo","status":"publish","type":"post","link":"https:\/\/www.acapulcopress.com\/index.php\/2021\/06\/01\/cierra-campana-mario-moreno-en-chilpancingo\/","title":{"rendered":"Cierra campa\u00f1a Mario Moreno en Chilpancingo"},"content":{"rendered":"<p style=\"text-align: justify;\"><em>* Piensa mal y\u2026<\/em><\/p>\n<p style=\"text-align: justify;\">Un Rapid\u00edn<br \/>\n] Con<strong> \u00c1ngel Irra Carceda.<\/strong><br \/>\n<em>angelirracar@hotmail.com.\u00a0<\/em><\/p>\n<p style=\"text-align: justify;\">Este mi\u00e9rcoles por la tarde en Chilpancingo cierra su campa\u00f1a Mario Moreno Arcos, candidato a la gubernatura por la Alianza PRI-PRD, y sus similares a la Alcald\u00eda capitalina y a las diputaciones por los distritos locales 01 y 02, as\u00ed como del federal 07.<\/p>\n<p style=\"text-align: justify;\">El trabajo desplegado por Mario Moreno en todas las regiones del estado fue realmente intenso.<\/p>\n<p style=\"text-align: justify;\">Puso el ejemplo a los dem\u00e1s candidatos de la Alianza PRI-PRD, y quienes no lo imitaron no deber\u00edan estar tan confiados en que el esfuerzo permanente de MMA les garantiza la victoria en la elecci\u00f3n del pr\u00f3ximo domingo.<\/p>\n<p style=\"text-align: justify;\">Si esos candidatos no hicieron lo propio, lo menos que les queda es tener muy afinadas sus estructuras para esta jornada comicial hist\u00f3rica.<\/p>\n<p style=\"text-align: justify;\">En general se puede asegurar que el candidato a la gubernatura por la Alianza, MMA, gan\u00f3 de calle la etapa de esta campa\u00f1a 2021. Y son realistas, hasta sus oponentes lo deben reconocer.<\/p>\n<p style=\"text-align: justify;\">En base a eso, tienen toda la certeza de que el resultado ser\u00e1 el mismo en las urnas, porque si en algo han trabajado es en llegar con su estructura muy bien afinada.<\/p>\n<p style=\"text-align: justify;\">La estrategia la desplegar\u00e1n desde muy temprano, el domingo, pero de hecho el ritmo ya lo traen bastante equilibrado y estos d\u00edas \u00fanicamente ser\u00e1 de labor del afinamiento de detalles.<\/p>\n<p style=\"text-align: justify;\">En ese contexto el escenario es m\u00e1s amplio si se toma en cuenta que operar\u00e1n conjuntamente con la estructura del PRD, que no es poca cosa.<\/p>\n<p style=\"text-align: justify;\">Ah\u00ed tambi\u00e9n cuentan con vasta experiencia en estas lides, y la prueba es la gran campa\u00f1a de acompa\u00f1amiento que realizaron con MMA por todo el estado.<\/p>\n<p style=\"text-align: justify;\">Piensa mal y\u2026<\/p>\n<p style=\"text-align: justify;\">Aguas con los apagones que se vienen registrando en pr\u00e1cticamente todo el pa\u00eds.<\/p>\n<p style=\"text-align: justify;\">\u00bfNo ser\u00e1 que as\u00ed han estado tendiendo la cama, durante meses, con esos apagones, para replicarlos el pr\u00f3ximo domingo seis de junio, dependiendo de c\u00f3mo se vaya registrando el resultado del escrutinio de votos?<\/p>\n<p style=\"text-align: justify;\">Digo, no olviden qui\u00e9n est\u00e1 al frente de la Comisi\u00f3n Federal de Electricidad (CFE).<br \/>\n\u00bfRecuerdan \u00abLa ca\u00edda del sistema\u00bb, en las elecci\u00f3n Presidencial de 1988?<\/p>\n<p style=\"text-align: justify;\">Ya saben, en aquel tiempo Manuel Bartlett fue secretario de Gobernaci\u00f3n federal y adem\u00e1s presidente de la Comisi\u00f3n Federal Electoral (CFE). Es viejo lobo en esta materia.<\/p>\n<p style=\"text-align: justify;\">Y tambi\u00e9n ya saben que en el gobierno federal actual es el personaje \u201cintocable\u201d de YSQ.<\/p>\n","protected":false},"excerpt":{"rendered":"<p>* Piensa mal y\u2026 Un Rapid\u00edn ] Con \u00c1ngel Irra Carceda. angelirracar@hotmail.com.\u00a0 Este mi\u00e9rcoles por la tarde en Chilpancingo cierra su campa\u00f1a Mario Moreno Arcos, candidato a la gubernatura por la Alianza PRI-PRD, y sus similares a la Alcald\u00eda capitalina y a las diputaciones por los distritos locales 01 y 02, as\u00ed como del federal&#8230;<\/p>\n","protected":false},"author":2,"featured_media":1228947,"comment_status":"closed","ping_status":"closed","sticky":false,"template":"","format":"standard","meta":{"footnotes":""},"categories":[2071,1991],"tags":[3679,12685],"class_list":["post-1228946","post","type-post","status-publish","format-standard","has-post-thumbnail","hentry","category-opinion-analisis-columnas","category-libertad-de-expresion","tag-alianza-pri-prd","tag-mario-moreno-arcos"],"_links":{"self":[{"href":"https:\/\/www.acapulcopress.com\/index.php\/wp-json\/wp\/v2\/posts\/1228946","targetHints":{"allow":["GET"]}}],"collection":[{"href":"https:\/\/www.acapulcopress.com\/index.php\/wp-json\/wp\/v2\/posts"}],"about":[{"href":"https:\/\/www.acapulcopress.com\/index.php\/wp-json\/wp\/v2\/types\/post"}],"author":[{"embeddable":true,"href":"https:\/\/www.acapulcopress.com\/index.php\/wp-json\/wp\/v2\/users\/2"}],"replies":[{"embeddable":true,"href":"https:\/\/www.acapulcopress.com\/index.php\/wp-json\/wp\/v2\/comments?post=1228946"}],"version-history":[{"count":0,"href":"https:\/\/www.acapulcopress.com\/index.php\/wp-json\/wp\/v2\/posts\/1228946\/revisions"}],"wp:featuredmedia":[{"embeddable":true,"href":"https:\/\/www.acapulcopress.com\/index.php\/wp-json\/"}],"wp:attachment":[{"href":"https:\/\/www.acapulcopress.com\/index.php\/wp-json\/wp\/v2\/media?parent=1228946"}],"wp:term":[{"taxonomy":"category","embeddable":true,"href":"https:\/\/www.acapulcopress.com\/index.php\/wp-json\/wp\/v2\/categories?post=1228946"},{"taxonomy":"post_tag","embeddable":true,"href":"https:\/\/www.acapulcopress.com\/index.php\/wp-json\/wp\/v2\/tags?post=1228946"}],"curies":[{"name":"wp","href":"https:\/\/api.w.org\/{rel}","templated":true}]}}