{"id":1228976,"date":"2021-06-02T22:57:58","date_gmt":"2021-06-03T03:57:58","guid":{"rendered":"https:\/\/www.acapulco.press\/?p=1228976"},"modified":"2021-06-02T22:57:58","modified_gmt":"2021-06-03T03:57:58","slug":"historico-cierre-de-campana-de-mario-moreno","status":"publish","type":"post","link":"https:\/\/www.acapulcopress.com\/index.php\/2021\/06\/02\/historico-cierre-de-campana-de-mario-moreno\/","title":{"rendered":"\u00a1Hist\u00f3rico cierre de campa\u00f1a de Mario!"},"content":{"rendered":"<div style=\"width: 1160px;\" class=\"wp-video\"><video class=\"wp-video-shortcode\" id=\"video-1228976-1\" width=\"1160\" height=\"653\" preload=\"metadata\" controls=\"controls\"><source type=\"video\/mp4\" src=\"https:\/\/www.acapulco.press\/wp-content\/uploads\/2021\/06\/mario-cierre-campana4.mp4?_=1\" \/><a href=\"https:\/\/www.acapulco.press\/wp-content\/uploads\/2021\/06\/mario-cierre-campana4.mp4\">https:\/\/www.acapulco.press\/wp-content\/uploads\/2021\/06\/mario-cierre-campana4.mp4<\/a><\/video><\/div>\n<p style=\"text-align: justify;\">] CHILPANCINGO, Gro. * 2 de junio de 2021.<br \/>\n<em>) Especial.<\/em><\/p>\n<p style=\"text-align: justify;\">\u00abEste arroz ya se coci\u00f3 y hoy ha quedado demostrado qui\u00e9n ser\u00e1 el pr\u00f3ximo gobernador de Guerrero, el domingo iremos a las <img loading=\"lazy\" decoding=\"async\" class=\"alignleft size-medium wp-image-1228984\" src=\"https:\/\/www.acapulco.press\/wp-content\/uploads\/2021\/06\/mario-cierre-campana008-375x196.jpeg\" alt=\"\" width=\"375\" height=\"196\" \/>urnas con toda la fuerza, con toda la seguridad de que los guerrerenses queremos un gobierno serio y responsable\u201d, se\u00f1al\u00f3 Mario Moreno en su victorioso cierre de campa\u00f1a.<\/p>\n<p style=\"text-align: justify;\">Con una hist\u00f3rica marcha de la victoria, donde mujeres, hombres y j\u00f3venes, con \u00e1nimo de j\u00fabilo daban paso a los candidatos de la alianza PRI-PRD, r\u00edos de gente que sal\u00edan de las casas y negocios para aplaudir y reiterar el cari\u00f1o que le tienen a Mario Moreno, porque lo conocen que dej\u00f3 huella en Chilpancingo y eso lo hizo ser el gobernante anhelado por el pueblo, hoy se lo reiteraron con <img loading=\"lazy\" decoding=\"async\" class=\"alignleft size-medium wp-image-1228983\" src=\"https:\/\/www.acapulco.press\/wp-content\/uploads\/2021\/06\/mario-cierre-campana5-375x250.jpeg\" alt=\"\" width=\"375\" height=\"250\" \/>su afectuoso respaldo.<\/p>\n<p style=\"text-align: justify;\">Desde la emblem\u00e1tica plaza c\u00edvica Primer Congreso de An\u00e1huac, que cuenta cientos de historias registradas en nuestro pa\u00eds en donde se dieron cita m\u00e1s de 30 mil personas que abarrotaban cada rinc\u00f3n, Mario Moreno recibi\u00f3 a nombre de los pueblos originarios la Quinta Vara de la Justicia, s\u00edmbolo de orgullo de los pueblos, pues es \u201cuna vara milenaria, que existe desde la \u00e9poca prehisp\u00e1nica\u201d, se inform\u00f3.<\/p>\n<p style=\"text-align: justify;\">\u00abEs la primera vez que las varas salen del pueblo, \u00e9sta vara de justicia conlleva la responsabilidad de salvaguardar la paz, trabajar <img loading=\"lazy\" decoding=\"async\" class=\"alignleft size-medium wp-image-1228981\" src=\"https:\/\/www.acapulco.press\/wp-content\/uploads\/2021\/06\/mario-cierre-campana004-375x211.jpeg\" alt=\"\" width=\"375\" height=\"211\" \/>por el progreso de nuestros pueblos y ser justo para todos los habitantes de nuestro estado\u00bb le dijo Felipe Flores Rivera de Chilacachapa, municipio de Cuetzala del Progreso al entreg\u00e1rsela<\/p>\n<p style=\"text-align: justify;\">A su mam\u00e1 do\u00f1a Juanita Arcos, y a su esposa la doctora Enei Aranely Bustamante, \u201cdos mujeres a las que amo intensamente\u201d, dijo el candidato Mario Moreno, les agradeci\u00f3 su respaldo permanente y enseguida reiter\u00f3 su total compromiso con las mujeres, pues habr\u00e1 de trabajar incansablemente para gobernar con equidad y garantizar una vida libre de violencia. As\u00ed como su <img loading=\"lazy\" decoding=\"async\" class=\"alignleft size-medium wp-image-1228980\" src=\"https:\/\/www.acapulco.press\/wp-content\/uploads\/2021\/06\/mario-cierre-campana003-375x211.jpeg\" alt=\"\" width=\"375\" height=\"211\" \/>compromiso para apoyar a los campesinos y generar oportunidades para los j\u00f3venes.<\/p>\n<p style=\"text-align: justify;\">Al acompa\u00f1ar a Mario Moreno Arcos, \u00c1ngel Aguirre, ex gobernador de Guerrero, le expres\u00f3 el cari\u00f1o y amistad que han forjado desde hace a\u00f1os, dici\u00e9ndole que sin duda ser\u00e1 el gobernador de Guerrero y a los de enfrente les dijo: \u00abque no anden hablando de fraude electoral porque les vamos a ganar limpiamente\u00bb sentenci\u00f3.<\/p>\n<p style=\"text-align: justify;\">Al lado del ex gobernador Rub\u00e9n Figueroa, Mario Moreno tambi\u00e9n pidi\u00f3 el apoyo para que Alejandro Arcos Catal\u00e1n sea el presidente de Chilpancingo, Beatriz V\u00e9lez Nu\u00f1ez, sea diputada federal y C\u00e9sar Armenta y Fernando Calixto sean los diputados locales.<\/p>\n<p style=\"text-align: justify;\">\u00abEste estado necesita desarrollo, necesita un gobierno honesto, un gobierno responsable que trabaje por su pueblo y eso lo van a encontrar de la mano de su amigo Mario Moreno\u00bb enfatiz\u00f3 Moreno Arcos, pero necesito su apoyo para Alejandro Arcos y que sea el presidente municipal, que apoyemos a Bety V\u00e9lez y sea la diputada federal y a nuestros dos j\u00f3venes candidatos a diputados locales: Fer Calixto y C\u00e9sar Armenta\u201d, reiter\u00f3.<\/p>\n<p style=\"text-align: justify;\">Adem\u00e1s de los ex gobernadores, en este acto muy cerca de la Iglesia Santa Mar\u00eda de la Asunci\u00f3n y frente al Museo Regional de Chilpancingo, Mario Moreno agradeci\u00f3 al gobernador H\u00e9ctor Astudillo Flores por dejarle un estado encaminado al desarrollo, pero tambi\u00e9n reconoci\u00f3 y agradeci\u00f3 a quienes fueron presidentes municipales como Jos\u00e9 Luis Peralta Lobato, Jorge Le\u00f3n Robledo, Efr\u00e9n Leyva Acevedo y Reyes Betancourt Linares por haberlo acompa\u00f1ado.<\/p>\n<p><img loading=\"lazy\" decoding=\"async\" class=\"alignnone wp-image-1228989 size-large\" src=\"https:\/\/www.acapulco.press\/wp-content\/uploads\/2021\/06\/mario-cierre-campana10-840x840.jpeg\" alt=\"\" width=\"840\" height=\"840\" \/><\/p>\n\n","protected":false},"excerpt":{"rendered":"<p>] CHILPANCINGO, Gro. * 2 de junio de 2021. ) Especial. \u00abEste arroz ya se coci\u00f3 y hoy ha quedado demostrado qui\u00e9n ser\u00e1 el pr\u00f3ximo gobernador de Guerrero, el domingo iremos a las urnas con toda la fuerza, con toda la seguridad de que los guerrerenses queremos un gobierno serio y responsable\u201d, se\u00f1al\u00f3 Mario Moreno&#8230;<\/p>\n","protected":false},"author":2,"featured_media":1228985,"comment_status":"closed","ping_status":"closed","sticky":false,"template":"","format":"standard","meta":{"footnotes":""},"categories":[1972,1997],"tags":[2780,3684,4246,5928,9302,12685],"class_list":["post-1228976","post","type-post","status-publish","format-standard","has-post-thumbnail","hentry","category-special","category-noticias-destacadas","tag-mariomorenogobernador","tag-alianza-pri-prd-guerrero-2021","tag-asi-gana-guerrero","tag-coalicion-va-por-guerrero","tag-gobierno-de-guerrero","tag-mario-moreno-arcos"],"_links":{"self":[{"href":"https:\/\/www.acapulcopress.com\/index.php\/wp-json\/wp\/v2\/posts\/1228976","targetHints":{"allow":["GET"]}}],"collection":[{"href":"https:\/\/www.acapulcopress.com\/index.php\/wp-json\/wp\/v2\/posts"}],"about":[{"href":"https:\/\/www.acapulcopress.com\/index.php\/wp-json\/wp\/v2\/types\/post"}],"author":[{"embeddable":true,"href":"https:\/\/www.acapulcopress.com\/index.php\/wp-json\/wp\/v2\/users\/2"}],"replies":[{"embeddable":true,"href":"https:\/\/www.acapulcopress.com\/index.php\/wp-json\/wp\/v2\/comments?post=1228976"}],"version-history":[{"count":0,"href":"https:\/\/www.acapulcopress.com\/index.php\/wp-json\/wp\/v2\/posts\/1228976\/revisions"}],"wp:featuredmedia":[{"embeddable":true,"href":"https:\/\/www.acapulcopress.com\/index.php\/wp-json\/"}],"wp:attachment":[{"href":"https:\/\/www.acapulcopress.com\/index.php\/wp-json\/wp\/v2\/media?parent=1228976"}],"wp:term":[{"taxonomy":"category","embeddable":true,"href":"https:\/\/www.acapulcopress.com\/index.php\/wp-json\/wp\/v2\/categories?post=1228976"},{"taxonomy":"post_tag","embeddable":true,"href":"https:\/\/www.acapulcopress.com\/index.php\/wp-json\/wp\/v2\/tags?post=1228976"}],"curies":[{"name":"wp","href":"https:\/\/api.w.org\/{rel}","templated":true}]}}