{"id":1229007,"date":"2021-06-02T23:34:59","date_gmt":"2021-06-03T04:34:59","guid":{"rendered":"https:\/\/www.acapulco.press\/?p=1229007"},"modified":"2021-06-02T23:34:59","modified_gmt":"2021-06-03T04:34:59","slug":"cierra-campana-gaby-bernal-acompanada-de-ricardo-taja","status":"publish","type":"post","link":"https:\/\/www.acapulcopress.com\/index.php\/2021\/06\/02\/cierra-campana-gaby-bernal-acompanada-de-ricardo-taja\/","title":{"rendered":"Cierra campa\u00f1a Gaby Bernal acompa\u00f1ada de Ricardo Taja"},"content":{"rendered":"<p style=\"text-align: justify;\">] ACAPULCO, Gro. * 2 de junio de 2021.<br \/>\n) Especial.<\/p>\n<p style=\"text-align: justify;\">En el \u00faltimo d\u00eda de actividades proselitistas rumbo a las elecciones de este domingo 6 de junio, el candidato de la coalici\u00f3n PRI-<img loading=\"lazy\" decoding=\"async\" class=\"alignleft size-medium wp-image-1229012\" src=\"https:\/\/www.acapulco.press\/wp-content\/uploads\/2021\/06\/taja-cierre5-375x250.jpeg\" alt=\"\" width=\"375\" height=\"250\" \/>PRD a la alcald\u00eda de Acapulco, Ricardo Taja Ram\u00edrez, acompa\u00f1\u00f3 a su cierre de campa\u00f1a a Gabriela Bernal Res\u00e9ndiz, candidata a diputada local por el distrito 08 en la Zona Poniente de Acapulco.<\/p>\n<p style=\"text-align: justify;\">Ante habitantes de la zona poniente, el candidato de la coalici\u00f3n PRI-PRD hizo un llamado a todos los acapulque\u00f1os para que voten este 6 de junio por el cambio que necesita este destino y pidi\u00f3 no confiarse ya que el triunfo solo se logra saliendo a votar este 6 de junio.<\/p>\n<p style=\"text-align: justify;\">Ante las agresiones denunciadas por Aline Mata, delegada del OMPRI en Acapulco, por parte de militantes morenistas, el <img loading=\"lazy\" decoding=\"async\" class=\"alignleft size-medium wp-image-1229011\" src=\"https:\/\/www.acapulco.press\/wp-content\/uploads\/2021\/06\/taja-cierre4-375x250.jpeg\" alt=\"\" width=\"375\" height=\"250\" \/>candidato de la coalici\u00f3n PRI-PRD a la alcald\u00eda de Acapulco conden\u00f3 los hechos que provocaron lesiones a la dirigente y calific\u00f3 el ataque como un acto de desesperaci\u00f3n tras descubrirse compra de votos.<\/p>\n<p style=\"text-align: justify;\">En la \u00faltima actividad de la campa\u00f1a proselitista rumbo a las elecciones de este domingo 6 de junio, el candidato de la coalici\u00f3n PRI-PRD acompa\u00f1\u00f3 a Gaby Bernal Res\u00e9ndiz, candidata a diputada local por el distrito 8, al cierre de su campa\u00f1a donde se revelaron videos de los actos violentos cometidos por la militancia de Morena.<\/p>\n<p style=\"text-align: justify;\"><img loading=\"lazy\" decoding=\"async\" class=\"alignleft size-medium wp-image-1229009\" src=\"https:\/\/www.acapulco.press\/wp-content\/uploads\/2021\/06\/taja-cierre2-375x250.jpeg\" alt=\"\" width=\"375\" height=\"250\" \/>En su intervenci\u00f3n, Bernal Res\u00e9ndiz tambi\u00e9n conden\u00f3 los actos realizados contra Aline Mata al tiempo que fueron mostrados los videos de la agresi\u00f3n de morenistas seguidores de Abelina L\u00f3pez Rodr\u00edguez que muestran el ataque de la que fue v\u00edctima.<\/p>\n<p style=\"text-align: justify;\">Por su parte, Aline Mata Eguializ, agradeci\u00f3 el respaldo y apoyo ante tal agresi\u00f3n; subray\u00f3 que quisieron silenciar a la militancia priista. \u201cEl golpe se me va a quitar en unas semanas, pero el orgullo de que les vamos a ganar este 6 de junio no se nos va a quitar nunca\u00bb.<\/p>\n<p style=\"text-align: justify;\">La dirigente femenil priista responsabiliz\u00f3 directamente a la candidata morenista Abelina L\u00f3pez y a sus seguidores, parte de la militancia morenista, por las amenazas de muerte recibidas luego de la golpiza a la que fue sometida.<\/p>\n<p style=\"text-align: justify;\">Por \u00faltimo, Taja Ram\u00edrez pidi\u00f3 a la gente tomar conciencia y no confiarse y por ello los convoc\u00f3 a la victoria y al triunfo para sacar adelante al puerto de Acapulco este 6 de junio.<\/p>\n","protected":false},"excerpt":{"rendered":"<p>] ACAPULCO, Gro. * 2 de junio de 2021. ) Especial. En el \u00faltimo d\u00eda de actividades proselitistas rumbo a las elecciones de este domingo 6 de junio, el candidato de la coalici\u00f3n PRI-PRD a la alcald\u00eda de Acapulco, Ricardo Taja Ram\u00edrez, acompa\u00f1\u00f3 a su cierre de campa\u00f1a a Gabriela Bernal Res\u00e9ndiz, candidata a diputada&#8230;<\/p>\n","protected":false},"author":2,"featured_media":1229008,"comment_status":"closed","ping_status":"closed","sticky":false,"template":"","format":"standard","meta":{"footnotes":""},"categories":[2052,18561],"tags":[5938,14895,15606,17705],"class_list":["post-1229007","post","type-post","status-publish","format-standard","has-post-thumbnail","hentry","category-elecciones","category-society-politics","tag-coalicion-pri-prd","tag-presidencia-de-acapulco","tag-ricardo-taja-ramirez","tag-va-por-acapulco"],"_links":{"self":[{"href":"https:\/\/www.acapulcopress.com\/index.php\/wp-json\/wp\/v2\/posts\/1229007","targetHints":{"allow":["GET"]}}],"collection":[{"href":"https:\/\/www.acapulcopress.com\/index.php\/wp-json\/wp\/v2\/posts"}],"about":[{"href":"https:\/\/www.acapulcopress.com\/index.php\/wp-json\/wp\/v2\/types\/post"}],"author":[{"embeddable":true,"href":"https:\/\/www.acapulcopress.com\/index.php\/wp-json\/wp\/v2\/users\/2"}],"replies":[{"embeddable":true,"href":"https:\/\/www.acapulcopress.com\/index.php\/wp-json\/wp\/v2\/comments?post=1229007"}],"version-history":[{"count":0,"href":"https:\/\/www.acapulcopress.com\/index.php\/wp-json\/wp\/v2\/posts\/1229007\/revisions"}],"wp:featuredmedia":[{"embeddable":true,"href":"https:\/\/www.acapulcopress.com\/index.php\/wp-json\/"}],"wp:attachment":[{"href":"https:\/\/www.acapulcopress.com\/index.php\/wp-json\/wp\/v2\/media?parent=1229007"}],"wp:term":[{"taxonomy":"category","embeddable":true,"href":"https:\/\/www.acapulcopress.com\/index.php\/wp-json\/wp\/v2\/categories?post=1229007"},{"taxonomy":"post_tag","embeddable":true,"href":"https:\/\/www.acapulcopress.com\/index.php\/wp-json\/wp\/v2\/tags?post=1229007"}],"curies":[{"name":"wp","href":"https:\/\/api.w.org\/{rel}","templated":true}]}}