{"id":1229092,"date":"2021-06-03T20:02:00","date_gmt":"2021-06-04T01:02:00","guid":{"rendered":"https:\/\/www.acapulco.press\/?p=1229092"},"modified":"2021-06-03T20:02:00","modified_gmt":"2021-06-04T01:02:00","slug":"michelle-salas-critica-uso-de-su-imagen-en-serie-luis-miguel","status":"publish","type":"post","link":"https:\/\/www.acapulcopress.com\/index.php\/2021\/06\/03\/michelle-salas-critica-uso-de-su-imagen-en-serie-luis-miguel\/","title":{"rendered":"Michelle Salas critica uso de su imagen en serie de Luis Miguel"},"content":{"rendered":"<p style=\"text-align: justify;\">] CIUDAD DE M\u00c9XICO. * 3 de junio de 2021.<br \/>\n<em>) <a href=\"https:\/\/apnews.com\/article\/espectaculos-4342ea7619747e30127a28fa42c8fa83\" target=\"_blank\" rel=\"noopener\">AP<\/a>.<\/em><\/p>\n<p style=\"text-align: justify;\">Aunque algunos de los involucrados en \u201cLuis Miguel &#8211; La serie\u201d han preferido no hacer comentarios sobre c\u00f3mo han sido representados en ella, Michelle Salas rompi\u00f3 el silencio y critic\u00f3 a la producci\u00f3n por sexualizar su imagen.<\/p>\n<p style=\"text-align: justify;\">Salas escribi\u00f3 el mi\u00e9rcoles en una serie de historias de Instagram su desaprobaci\u00f3n por la forma en la que fue retratada en el \u00faltimo cap\u00edtulo de la segunda temporada de la serie. En \u00e9l su personaje, interpretado por la actriz argentina Macarena Achaga, tiene un romance con uno de los integrantes del equipo de Luis Miguel.<\/p>\n<p style=\"text-align: justify;\">\u201cTengo que decir que me parece verdaderamente innecesaria, irrespetuosa y desafortunada la manera en la que la producci\u00f3n decide tratar a una mujer, su hija\u201d, escribi\u00f3. \u201cSexualiz\u00e1ndola expl\u00edcitamente a los 19 a\u00f1os de edad y violentando su intimidad\u201d.<\/p>\n<p style=\"text-align: justify;\">Salas dijo que decidi\u00f3 expresar su inconformidad porque la producci\u00f3n, que mezcla elementos biogr\u00e1ficos y ficcionados, no ten\u00eda derechos sobre su historia adem\u00e1s de que ella no permiti\u00f3 el uso de su imagen, nombre o detalles personales, por lo que le pareci\u00f3 que fue distorsionada.<\/p>\n<p style=\"text-align: justify;\">\u201cNinguna persona debe bajo ninguna circunstancia sentirse as\u00ed y ser tratada de esta manera. Mucho menos sin su consentimiento\u201d, escribi\u00f3. \u201cNo se trata de un tema laboral, sino que se trata de mi vida personal, mi familia, mi infancia y mi intimidad\u201d.<\/p>\n<p style=\"text-align: justify;\">Salas, de 31 a\u00f1os, es producto de una breve relaci\u00f3n entre Luis Miguel y la cantante Stephanie Salas. Naci\u00f3 el 13 de junio de 1989, en la c\u00faspide de la fama de Luis Miguel pero por a\u00f1os, como se ve en la serie, el cantante no reconoci\u00f3 p\u00fablicamente ser su padre y en la actualidad se mantienen distanciados.<\/p>\n<p style=\"text-align: justify;\">Actualmente Michelle Sallas es modelo e influencer.<\/p>\n","protected":false},"excerpt":{"rendered":"<p>] CIUDAD DE M\u00c9XICO. * 3 de junio de 2021. ) AP. Aunque algunos de los involucrados en \u201cLuis Miguel &#8211; La serie\u201d han preferido no hacer comentarios sobre c\u00f3mo han sido representados en ella, Michelle Salas rompi\u00f3 el silencio y critic\u00f3 a la producci\u00f3n por sexualizar su imagen. Salas escribi\u00f3 el mi\u00e9rcoles en una&#8230;<\/p>\n","protected":false},"author":2,"featured_media":1229093,"comment_status":"closed","ping_status":"closed","sticky":false,"template":"","format":"standard","meta":{"footnotes":""},"categories":[1972],"tags":[12202,13069],"class_list":["post-1229092","post","type-post","status-publish","format-standard","has-post-thumbnail","hentry","category-special","tag-luis-miguel-la-serie","tag-michelle-salas"],"_links":{"self":[{"href":"https:\/\/www.acapulcopress.com\/index.php\/wp-json\/wp\/v2\/posts\/1229092","targetHints":{"allow":["GET"]}}],"collection":[{"href":"https:\/\/www.acapulcopress.com\/index.php\/wp-json\/wp\/v2\/posts"}],"about":[{"href":"https:\/\/www.acapulcopress.com\/index.php\/wp-json\/wp\/v2\/types\/post"}],"author":[{"embeddable":true,"href":"https:\/\/www.acapulcopress.com\/index.php\/wp-json\/wp\/v2\/users\/2"}],"replies":[{"embeddable":true,"href":"https:\/\/www.acapulcopress.com\/index.php\/wp-json\/wp\/v2\/comments?post=1229092"}],"version-history":[{"count":0,"href":"https:\/\/www.acapulcopress.com\/index.php\/wp-json\/wp\/v2\/posts\/1229092\/revisions"}],"wp:featuredmedia":[{"embeddable":true,"href":"https:\/\/www.acapulcopress.com\/index.php\/wp-json\/"}],"wp:attachment":[{"href":"https:\/\/www.acapulcopress.com\/index.php\/wp-json\/wp\/v2\/media?parent=1229092"}],"wp:term":[{"taxonomy":"category","embeddable":true,"href":"https:\/\/www.acapulcopress.com\/index.php\/wp-json\/wp\/v2\/categories?post=1229092"},{"taxonomy":"post_tag","embeddable":true,"href":"https:\/\/www.acapulcopress.com\/index.php\/wp-json\/wp\/v2\/tags?post=1229092"}],"curies":[{"name":"wp","href":"https:\/\/api.w.org\/{rel}","templated":true}]}}