{"id":1229176,"date":"2021-06-07T17:42:47","date_gmt":"2021-06-07T22:42:47","guid":{"rendered":"https:\/\/www.acapulco.press\/?p=1229176"},"modified":"2021-06-07T17:42:47","modified_gmt":"2021-06-07T22:42:47","slug":"mario-moreno-esperara-conteo-de-100-de-casillas","status":"publish","type":"post","link":"https:\/\/www.acapulcopress.com\/index.php\/2021\/06\/07\/mario-moreno-esperara-conteo-de-100-de-casillas\/","title":{"rendered":"Mario esperar\u00e1 conteo de 100% de casillas"},"content":{"rendered":"<p style=\"text-align: justify;\">\u00bb <strong>\u00c1ngel Blanco<\/strong>.<br \/>\n] CHILPANCINGO. * 7 de junio de 2021.<br \/>\n<em>) Acapulco.press.<\/em><\/p>\n<p style=\"text-align: justify;\">El candidato de la alianza \u00abVa por Guerrero\u00bb, Mario Moreno Arcos, precis\u00f3 a trav\u00e9s de un comunicado que esperar\u00e1 los resultados oficiales del 100% de las casillas ante de emitir una postura en torno a las elecciones del 6 de junio.<\/p>\n<p style=\"text-align: justify;\">\u00abA la fecha es imposible decir qui\u00e9n ha ganado esta elecci\u00f3n\u00bb, por lo que solicit\u00f3 a sus seguidores mantenerse \u00abfirmes y optimistas\u00bb, pues \u00abqueda mucho a\u00fan\u00bb por computar.<\/p>\n<p style=\"text-align: justify;\">As\u00ed mismo, solicit\u00f3 a quienes votaron por su proyecto a no no creer \u00abnada que no sea publicado en mis redes\u00bb y \u00abpor mi persona\u00bb; es decir, si hay algo qu\u00e9 declarar en torno al proceso electoral ser\u00e1 s\u00f3lo por conducto de su persona y a trav\u00e9s de sus cuentas oficiales en redes sociales.<\/p>\n<p style=\"text-align: justify;\">Moreno Arcos detall\u00f3 que las graves fallas t\u00e9cnicas del Programa de Resultados Electorales Preliminares 2021 (PREP), impidieron seguir con detalles el conteo r\u00e1pido de las 5 mil 13 casillas anunciadas por el Instituto Electoral de Participaci\u00f3n Ciudadana (IEPC) en territorio guerrerenses, lo que origin\u00f3 que no se pudiera realizar el 100 por ciento del c\u00f3mputo de las casillas, sino solo el 72.8% de las mismas (equivalente a 619 casillas), por lo que este porcentaje \u00abno permite dar esos datos como finales\u00bb.<\/p>\n<p style=\"text-align: justify;\">\u00abSiendo respetuoso con el proceso legal y de conteo, como lo he hecho toda mi vida, y en particular, en esta elecci\u00f3n, esperar\u00e9 a los resultados oficiales del 100% del conteo\u00bb.<\/p>\n<p style=\"text-align: justify;\">Mario Moreno a\u00f1ade que, de acuerdo a sus datos y \u00abanalizadas las actas que recibimos, mi optimismo sigue pleno, pues el PREP solo ha computado el 37% de las casillas, cifra insuficiente para decretar resultado definitivo\u00bb.<\/p>\n<p style=\"text-align: justify;\">\u00abMi agradecimiento a todos los que votaron por nuestro proyecto y mi respeto a los que no lo hicieron, gracias a todos. \u00a1As\u00ed gana Guerrero!\u00bb, concluye Moreno Arcos su comunicado.<\/p>\n<p style=\"text-align: justify;\"><strong>7 DE JUNIO | DATOS PREP \/ 17 HRS.<\/strong><\/p>\n<p style=\"text-align: justify;\">Al corte de las 5 de la tarde, el PREP Guerrero revel\u00f3 que se han capturado 1,900 de 5,013 actas esperadas; dicha cifra equivale al 37.64% del c\u00f3mputo final. De esa captura de actas se han contabilizado solo 1,854, lo que equivale al 36.98% del conteo general de actas.<\/p>\n<p style=\"text-align: justify;\">Con estos datos correspondientes al corte de las 15 horas, la tendencia al voto &#8211;que no es estable y favorece o resta a los candidatos, seg\u00fan avanza el conteo de casillas&#8211; se halla de la siguiente manera:<\/p>\n<p style=\"text-align: justify;\">* <strong>Irma Lilia Garz\u00f3n<\/strong>: 1.31%<br \/>\n* <strong>Ruth Zavaleta<\/strong>: 2.27%<br \/>\n* <strong>Mario Moreno<\/strong>: 37.47%<br \/>\n* <strong>Manuel Negrete<\/strong>: 1.27%<br \/>\n* <strong>Pedro Segura<\/strong>: 5.71%<br \/>\n* <strong>Evelyn Salgado:<\/strong> 46.23%<br \/>\n* <strong>Dolores Huerta<\/strong>: 1.37%<br \/>\n* <strong>Ambrocio Guzm\u00e1n<\/strong>: 0.99%<br \/>\nwww.<strong>acapulco.press<\/strong><\/p>\n","protected":false},"excerpt":{"rendered":"<p>\u00bb \u00c1ngel Blanco. ] CHILPANCINGO. * 7 de junio de 2021. ) Acapulco.press. El candidato de la alianza \u00abVa por Guerrero\u00bb, Mario Moreno Arcos, precis\u00f3 a trav\u00e9s de un comunicado que esperar\u00e1 los resultados oficiales del 100% de las casillas ante de emitir una postura en torno a las elecciones del 6 de junio. \u00abA&#8230;<\/p>\n","protected":false},"author":2,"featured_media":1229173,"comment_status":"closed","ping_status":"closed","sticky":false,"template":"","format":"standard","meta":{"footnotes":""},"categories":[1997],"tags":[3684,4246,5928,9302,12685],"class_list":["post-1229176","post","type-post","status-publish","format-standard","has-post-thumbnail","hentry","category-noticias-destacadas","tag-alianza-pri-prd-guerrero-2021","tag-asi-gana-guerrero","tag-coalicion-va-por-guerrero","tag-gobierno-de-guerrero","tag-mario-moreno-arcos"],"_links":{"self":[{"href":"https:\/\/www.acapulcopress.com\/index.php\/wp-json\/wp\/v2\/posts\/1229176","targetHints":{"allow":["GET"]}}],"collection":[{"href":"https:\/\/www.acapulcopress.com\/index.php\/wp-json\/wp\/v2\/posts"}],"about":[{"href":"https:\/\/www.acapulcopress.com\/index.php\/wp-json\/wp\/v2\/types\/post"}],"author":[{"embeddable":true,"href":"https:\/\/www.acapulcopress.com\/index.php\/wp-json\/wp\/v2\/users\/2"}],"replies":[{"embeddable":true,"href":"https:\/\/www.acapulcopress.com\/index.php\/wp-json\/wp\/v2\/comments?post=1229176"}],"version-history":[{"count":0,"href":"https:\/\/www.acapulcopress.com\/index.php\/wp-json\/wp\/v2\/posts\/1229176\/revisions"}],"wp:featuredmedia":[{"embeddable":true,"href":"https:\/\/www.acapulcopress.com\/index.php\/wp-json\/"}],"wp:attachment":[{"href":"https:\/\/www.acapulcopress.com\/index.php\/wp-json\/wp\/v2\/media?parent=1229176"}],"wp:term":[{"taxonomy":"category","embeddable":true,"href":"https:\/\/www.acapulcopress.com\/index.php\/wp-json\/wp\/v2\/categories?post=1229176"},{"taxonomy":"post_tag","embeddable":true,"href":"https:\/\/www.acapulcopress.com\/index.php\/wp-json\/wp\/v2\/tags?post=1229176"}],"curies":[{"name":"wp","href":"https:\/\/api.w.org\/{rel}","templated":true}]}}