{"id":1229186,"date":"2021-06-07T18:27:22","date_gmt":"2021-06-07T23:27:22","guid":{"rendered":"https:\/\/www.acapulco.press\/?p=1229186"},"modified":"2021-06-07T18:27:22","modified_gmt":"2021-06-07T23:27:22","slug":"90-de-escuelas-de-cdmx-rechazan-clases-presenciales","status":"publish","type":"post","link":"https:\/\/www.acapulcopress.com\/index.php\/2021\/06\/07\/90-de-escuelas-de-cdmx-rechazan-clases-presenciales\/","title":{"rendered":"90% de escuelas de CDMX rechazan clases presenciales"},"content":{"rendered":"<p style=\"text-align: justify;\">] CIUDAD DE M\u00c9XICO. * 7 de junio de 2021.<br \/>\n<em>) <a href=\"https:\/\/www.excelsior.com.mx\/nacional\/casi-90-por-ciento-de-las-escuelas-en-la-cdmx-desairan-clases-presenciales\/1453355\" target=\"_blank\" rel=\"noopener\">Excelsior<\/a>.<\/em><\/p>\n<p style=\"text-align: justify;\">En pleno sem\u00e1foro verde, comenzaron las clases presenciales voluntarias en algunas escuelas de la capital, despu\u00e9s de casi un a\u00f1o de actividades virtuales, por causa de la pandemia.<\/p>\n<p style=\"text-align: justify;\">A un mes del t\u00e9rmino del ciclo escolar, la Autoridad Educativa Federal de la Ciudad de M\u00e9xico (AEFCM) anunci\u00f3 que diez mil docentes, ya vacunados, y 80 mil estudiantes asistieron a las actividades escolares, sin reportar casos positivos de COVID-19 o incidencias, hasta el momento.<\/p>\n<p style=\"text-align: justify;\">El retorno se realiz\u00f3 bajo un sistema escalonado y mediante el seguimiento de un protocolo sanitario que incluye el uso obligatorio de cubrebocas, toma de temperatura al ingreso de las instalaciones, colaci\u00f3n de gel antes y durante las clases, as\u00ed como suspensi\u00f3n de ceremonias.<\/p>\n<p style=\"text-align: justify;\">De esta manera, se registr\u00f3 la apertura de mil 103 escuelas, a casi un mes de terminar el ciclo escolar, con el fin de regularizar, comenzar con un proceso de inserci\u00f3n a las aulas y evitar la deserci\u00f3n estudiantil.<\/p>\n<p style=\"text-align: justify;\">Sin embargo, de acuerdo con las cifras publicadas del Sistema Educativo Nacional 2019-2020, de la Secretar\u00eda de Educaci\u00f3n P\u00fablica (SEP) en la capital hay nueve mil 728 escuelas registradas. Esto significa que m\u00e1s del 88.7% de los colegios optaron por seguir con el m\u00e9todo a distancia, mientras que solo el 11.3% decidieron restablecer las clases presenciales.<\/p>\n<p style=\"text-align: justify;\">Por otra parte, en un comunicado de la Universidad Nacional Aut\u00f3noma de M\u00e9xico informaron que las clases a distancias seguir\u00e1n hasta el 2 de julio, fin del a\u00f1o escolar, con excepci\u00f3n de aquellas facultades o carreras que requieran realizar pr\u00e1cticas, actividades cl\u00ednicas o ex\u00e1menes de grado.<\/p>\n<p style=\"text-align: justify;\"><strong>\u00bfCu\u00e1ntos estados de la Rep\u00fablica reanudaron clases presenciales?<\/strong><\/p>\n<p style=\"text-align: justify;\">Por otra parte, SEP indic\u00f3 que catorce estados de la Rep\u00fablica Mexicana, tambi\u00e9n dejaron las clases virtuales para iniciar las actividades educativas de manera presencial, en una modalidad mixta o escalonada.<\/p>\n<p style=\"text-align: justify;\">Adem\u00e1s, en Coahuila, Colima, Nayarit y Zacatecas abrieron centros para dar asesor\u00edas pedag\u00f3gicas y socioemocionales. Por lo tanto, se estima que m\u00e1s de un mill\u00f3n 600 mil alumnos y 256 mil trabajadores de la educaci\u00f3n se presentaron a las instalaciones, a nivel nacional.<\/p>\n<p style=\"text-align: justify;\">Algunas entidades, como Baja California Sur, Guerrero, Hidalgo, Michoac\u00e1n, Oaxaca, Puebla, Quer\u00e9taro, Quintana Roo, Sonora, Tabasco y Yucat\u00e1n mantendr\u00e1n la educaci\u00f3n a distancia hasta el pr\u00f3ximo ciclo escolar.<\/p>\n<p style=\"text-align: justify;\">Mientras tanto, la clausura de actividades seguir\u00e1n en Campeche, debido a que se encuentran en sem\u00e1foro amarillo, incluso despu\u00e9s de establecerse el retorno a las escuelas.<\/p>\n","protected":false},"excerpt":{"rendered":"<p>] CIUDAD DE M\u00c9XICO. * 7 de junio de 2021. ) Excelsior. En pleno sem\u00e1foro verde, comenzaron las clases presenciales voluntarias en algunas escuelas de la capital, despu\u00e9s de casi un a\u00f1o de actividades virtuales, por causa de la pandemia. A un mes del t\u00e9rmino del ciclo escolar, la Autoridad Educativa Federal de la Ciudad&#8230;<\/p>\n","protected":false},"author":2,"featured_media":1229187,"comment_status":"closed","ping_status":"closed","sticky":false,"template":"","format":"standard","meta":{"footnotes":""},"categories":[1969],"tags":[4439,5840,6705],"class_list":["post-1229186","post","type-post","status-publish","format-standard","has-post-thumbnail","hentry","category-trending","tag-autoridad-educativa-federal-de-la-ciudad-de-mexico-aefcm","tag-clases-presenciales","tag-covid19"],"_links":{"self":[{"href":"https:\/\/www.acapulcopress.com\/index.php\/wp-json\/wp\/v2\/posts\/1229186","targetHints":{"allow":["GET"]}}],"collection":[{"href":"https:\/\/www.acapulcopress.com\/index.php\/wp-json\/wp\/v2\/posts"}],"about":[{"href":"https:\/\/www.acapulcopress.com\/index.php\/wp-json\/wp\/v2\/types\/post"}],"author":[{"embeddable":true,"href":"https:\/\/www.acapulcopress.com\/index.php\/wp-json\/wp\/v2\/users\/2"}],"replies":[{"embeddable":true,"href":"https:\/\/www.acapulcopress.com\/index.php\/wp-json\/wp\/v2\/comments?post=1229186"}],"version-history":[{"count":0,"href":"https:\/\/www.acapulcopress.com\/index.php\/wp-json\/wp\/v2\/posts\/1229186\/revisions"}],"wp:featuredmedia":[{"embeddable":true,"href":"https:\/\/www.acapulcopress.com\/index.php\/wp-json\/"}],"wp:attachment":[{"href":"https:\/\/www.acapulcopress.com\/index.php\/wp-json\/wp\/v2\/media?parent=1229186"}],"wp:term":[{"taxonomy":"category","embeddable":true,"href":"https:\/\/www.acapulcopress.com\/index.php\/wp-json\/wp\/v2\/categories?post=1229186"},{"taxonomy":"post_tag","embeddable":true,"href":"https:\/\/www.acapulcopress.com\/index.php\/wp-json\/wp\/v2\/tags?post=1229186"}],"curies":[{"name":"wp","href":"https:\/\/api.w.org\/{rel}","templated":true}]}}