{"id":1229203,"date":"2021-06-07T20:02:59","date_gmt":"2021-06-08T01:02:59","guid":{"rendered":"https:\/\/www.acapulco.press\/?p=1229203"},"modified":"2021-06-07T20:02:59","modified_gmt":"2021-06-08T01:02:59","slug":"debuta-documental-de-protestas-en-chile-en-festival-de-cine-de-tribeca","status":"publish","type":"post","link":"https:\/\/www.acapulcopress.com\/index.php\/2021\/06\/07\/debuta-documental-de-protestas-en-chile-en-festival-de-cine-de-tribeca\/","title":{"rendered":"Debuta en Festival de Tribeca documental chileno de protestas"},"content":{"rendered":"<p style=\"text-align: justify;\">] NUEVA YORK. * 7 de junio de 2021.<br \/>\n) AP.<\/p>\n<p style=\"text-align: justify;\">Filmar el documental \u201cPrimera\u201d supuso meterse de lleno en las protestas que sacudieron a Chile en 2019. Hubo que evitar gases lacrim\u00f3genos y perdigones y huir de la polic\u00eda mientras se intentaba aterrizar al mismo tiempo un dron.<\/p>\n<p style=\"text-align: justify;\">Las im\u00e1genes de ese estallido social dominan el filme dirigido por Vee Bravo, que se estrena esta semana en el Festival de Cine de Tribeca, donde es el \u00fanico documental de Latinoam\u00e9rica.<\/p>\n<p style=\"text-align: justify;\">A trav\u00e9s de la voz de varios chilenos que protagonizaron las manifestaciones, Bravo plasm\u00f3 lo que empez\u00f3 a ocurrir en las calles de Santiago en octubre de 2019, cuando a ra\u00edz de protestas de estudiantes contra un alza en el pasaje del subterr\u00e1neo, miles de manifestantes acabaron exigiendo un mejor sistema de salud, educaci\u00f3n, pensiones y salarios, entre otras cosas.<\/p>\n<p style=\"text-align: justify;\">El director, nacido en Chile pero quien vive en Estados Unidos desde ni\u00f1o, viaj\u00f3 a su pa\u00eds natal en cuanto se enter\u00f3 de lo que ocurr\u00eda.<\/p>\n<p style=\"text-align: justify;\">\u201cTuve una conversaci\u00f3n conmigo mismo. Pens\u00e9, \u2018\u00bfqu\u00e9 puedo hacer?\u2019\u201d, dijo en una entrevista telef\u00f3nica con la AP. \u201cComo soy un periodista independiente que lleva haciendo esto para comunidades de color desde hace tiempo, sent\u00ed que se necesitaba hacer algo m\u00e1s\u201d.<\/p>\n<p style=\"text-align: justify;\">Al principio su idea era s\u00f3lo registrar supuestos abusos contra los manifestantes por parte de las fuerzas del gobierno del presidente Sebasti\u00e1n Pi\u00f1era. Sin embargo, se dio cuenta de que ten\u00eda el \u201cpoderoso\u201d testimonio de personajes en c\u00e1mara y que las protestas hab\u00edan generado la organizaci\u00f3n de un plebiscito que iba a ocurrir en el pa\u00eds.<\/p>\n<p style=\"text-align: justify;\">Entonces decidi\u00f3 hacer un documental.<\/p>\n<p style=\"text-align: justify;\">\u201cRegresamos a Chile varias veces para filmar. Fuimos uno de los pocos equipos de producci\u00f3n de cine que film\u00f3 en la pandemia. Est\u00e1bamos, en plena pandemia, en las calles, entre cientos de miles de personas\u201d, cont\u00f3 Bravo.<\/p>\n<p style=\"text-align: justify;\"><img loading=\"lazy\" decoding=\"async\" class=\"alignleft size-medium wp-image-1229204\" src=\"https:\/\/www.acapulco.press\/wp-content\/uploads\/2021\/06\/PRIMER-CHILE-375x502.jpeg\" alt=\"\" width=\"375\" height=\"502\" \/>El director entrevist\u00f3 a personajes como Felipe Riquelme, un padre chileno que result\u00f3 herido en un ojo cuando la polic\u00eda le dispar\u00f3 perdigones. Tambi\u00e9n entrevist\u00f3 y mostr\u00f3 la experiencia de Camila Miranda, una mujer que fue herida en las piernas por perdigones, golpeada y luego detenida.<\/p>\n<p style=\"text-align: justify;\">\u201cEs un honor representar a muchos de los heridos que hubo en la revuelta del 2019 porque son muchos, muchos,\u201d dijo Miranda a la AP.<\/p>\n<p style=\"text-align: justify;\">La chilena de 27 a\u00f1os, que canta en la calle y tambi\u00e9n confecciona bolsos y mochilas, dijo que accedi\u00f3 a participar en el documental para que el mundo no olvide lo que pas\u00f3 en Chile.<\/p>\n<p style=\"text-align: justify;\">\u201cAunque para m\u00ed fue doloroso y sigue siendo como chocante verme en fotos herida, acordarme de lo que me pas\u00f3 y de otros compa\u00f1eros tambi\u00e9n, que la libraron peor, encontr\u00e9 que era necesario dejarlo plasmado en algo que se pudiese ver para la posteridad y no olvidar nunca lo que nos hacen por salir a reclamar cosas b\u00e1sicas\u201d, dijo Miranda.<\/p>\n<p style=\"text-align: justify;\">El estallido social forz\u00f3 al gobierno a hacer algo. La \u00e9lite pol\u00edtica del congreso ofreci\u00f3 a los chilenos la realizaci\u00f3n de un plebiscito para que decidieran si quer\u00edan o no una nueva constituci\u00f3n.<\/p>\n<p style=\"text-align: justify;\">En el refer\u00e9ndum de octubre del 2020 el 79% de los electores vot\u00f3 por una Carta Magna escrita por igual n\u00famero de hombres y mujeres electos democr\u00e1ticamente. Una elecci\u00f3n a mediados de mayo del 2021 eligi\u00f3 a los 155 constituyentes, que tienen nueve meses para escribir el proyecto de Constituci\u00f3n, prorrogables por tres m\u00e1s.<\/p>\n<p style=\"text-align: justify;\">Para entrar en vigor, debe ser aprobado en un plebiscito obligatorio a mediados de 2022. Si es rechazado, seguir\u00e1 en vigor la impuesta por la dictadura militar (1973-1990).<\/p>\n<p style=\"text-align: justify;\">\u201cPrimera\u201d se estrenar\u00e1 en Tribeca este viernes de forma virtual. Bravo dijo que tanto Riquelme como Miranda estar\u00e1n en Nueva York para el estreno.<\/p>\n<p style=\"text-align: justify;\">En total, siete largometrajes y cinco cortos de Latinoam\u00e9rica forman parte de la cartelera de festival.<\/p>\n<p style=\"text-align: justify;\">Con su documental, Bravo dijo que quiere demostrar que el cambio verdadero en un pa\u00eds es posible.<\/p>\n<p style=\"text-align: justify;\">\u201cEl ejemplo chileno es muy importante porque la gente enfoc\u00f3 su atenci\u00f3n en cambiar la constituci\u00f3n y la constituci\u00f3n es el contrato entre la gente y su gobierno\u201d, dijo. \u201cAs\u00ed que \u00e9sta fue una oportunidad para decir: \u2018Hey, si queremos cambio, tenemos la oportunidad de reescribir el contrato entero con la naci\u00f3n\u2019\u201d.<\/p>\n","protected":false},"excerpt":{"rendered":"<p>] NUEVA YORK. * 7 de junio de 2021. ) AP. Filmar el documental \u201cPrimera\u201d supuso meterse de lleno en las protestas que sacudieron a Chile en 2019. Hubo que evitar gases lacrim\u00f3genos y perdigones y huir de la polic\u00eda mientras se intentaba aterrizar al mismo tiempo un dron. Las im\u00e1genes de ese estallido social&#8230;<\/p>\n","protected":false},"author":2,"featured_media":1229205,"comment_status":"closed","ping_status":"closed","sticky":false,"template":"","format":"standard","meta":{"footnotes":""},"categories":[18563,1988],"tags":[2490,8567],"class_list":["post-1229203","post","type-post","status-publish","format-standard","has-post-thumbnail","hentry","category-entretenimiento","category-lifestyles","tag-primera","tag-festival-de-cine-de-tribeca"],"_links":{"self":[{"href":"https:\/\/www.acapulcopress.com\/index.php\/wp-json\/wp\/v2\/posts\/1229203","targetHints":{"allow":["GET"]}}],"collection":[{"href":"https:\/\/www.acapulcopress.com\/index.php\/wp-json\/wp\/v2\/posts"}],"about":[{"href":"https:\/\/www.acapulcopress.com\/index.php\/wp-json\/wp\/v2\/types\/post"}],"author":[{"embeddable":true,"href":"https:\/\/www.acapulcopress.com\/index.php\/wp-json\/wp\/v2\/users\/2"}],"replies":[{"embeddable":true,"href":"https:\/\/www.acapulcopress.com\/index.php\/wp-json\/wp\/v2\/comments?post=1229203"}],"version-history":[{"count":0,"href":"https:\/\/www.acapulcopress.com\/index.php\/wp-json\/wp\/v2\/posts\/1229203\/revisions"}],"wp:featuredmedia":[{"embeddable":true,"href":"https:\/\/www.acapulcopress.com\/index.php\/wp-json\/"}],"wp:attachment":[{"href":"https:\/\/www.acapulcopress.com\/index.php\/wp-json\/wp\/v2\/media?parent=1229203"}],"wp:term":[{"taxonomy":"category","embeddable":true,"href":"https:\/\/www.acapulcopress.com\/index.php\/wp-json\/wp\/v2\/categories?post=1229203"},{"taxonomy":"post_tag","embeddable":true,"href":"https:\/\/www.acapulcopress.com\/index.php\/wp-json\/wp\/v2\/tags?post=1229203"}],"curies":[{"name":"wp","href":"https:\/\/api.w.org\/{rel}","templated":true}]}}