{"id":1229238,"date":"2021-06-07T22:27:43","date_gmt":"2021-06-08T03:27:43","guid":{"rendered":"https:\/\/www.acapulco.press\/?p=1229238"},"modified":"2021-06-07T22:27:43","modified_gmt":"2021-06-08T03:27:43","slug":"ine-reivindico-su-autonomia-en-elecciones-cordova","status":"publish","type":"post","link":"https:\/\/www.acapulcopress.com\/index.php\/2021\/06\/07\/ine-reivindico-su-autonomia-en-elecciones-cordova\/","title":{"rendered":"INE reivindic\u00f3 su autonom\u00eda en elecciones | C\u00f3rdova"},"content":{"rendered":"<p style=\"text-align: justify;\">] CIUDAD DE M\u00c9XICO. * 7 de junio de 2021.<br \/>\n<em>) <a href=\"https:\/\/www.efe.com\/efe\/america\/mexico\/el-instituto-electoral-mexicano-reivindica-su-autonomia-tras-las-elecciones\/50000545-4556299\" target=\"_blank\" rel=\"noopener\">Efe<\/a><\/em>.<\/p>\n<p style=\"text-align: justify;\">El titular del Instituto Nacional Electoral (INE) de M\u00e9xico, Lorenzo C\u00f3rdova, reivindic\u00f3 este lunes la autonom\u00eda de la instituci\u00f3n tras las duras cr\u00edticas que recibi\u00f3 del presidente mexicano, Andr\u00e9s Manuel L\u00f3pez Obrador, durante la campa\u00f1a de las elecciones intermedias.<\/p>\n<p style=\"text-align: justify;\">\u00abTal vez haya quien quiera destruir este sistema electoral que tanto nos ha costado construir. Despu\u00e9s de ayer, quien intente esto estar\u00e1 en contra de la voluntad de millones, millones y millones de ciudadanos\u00bb, reivindic\u00f3 C\u00f3rdova durante una rueda de prensa de valoraci\u00f3n de los comicios del domingo.<\/p>\n<p style=\"text-align: justify;\">El presidente de la autoridad electoral, encargada de la organizaci\u00f3n de las elecciones en M\u00e9xico, destac\u00f3 que los comicios tuvieron \u00abla participaci\u00f3n m\u00e1s alta en este siglo en una elecci\u00f3n intermedia\u00bb, superior al 52 %, a pesar de la pandemia de covid-19.<\/p>\n<p style=\"text-align: justify;\">Y asegur\u00f3 que el INE es la instituci\u00f3n del Estado mejor valorada por los ciudadanos.<\/p>\n<p style=\"text-align: justify;\">En los comicios del domingo, considerados los m\u00e1s grandes de la historia del pa\u00eds, el Movimiento Regeneraci\u00f3n Nacional (Morena) perdi\u00f3 fuelle en la C\u00e1mara de Diputados pero retuvo la mayor\u00eda absoluta junto a sus socios, que vencieron en al menos 11 de los 15 Gobiernos estatales en juego.<\/p>\n<p style=\"text-align: justify;\">Aunque eran elecciones legislativas y locales, la votaci\u00f3n se interpret\u00f3 como un plebiscito a la figura de L\u00f3pez Obrador de cara a la segunda mitad de su mandato.<\/p>\n<p style=\"text-align: justify;\">Las leyes electorales prohibieron a L\u00f3pez Obrador hacer campa\u00f1a, pero este emprendi\u00f3 una batalla con el INE, al que acus\u00f3 de censura, de ser un \u00f3rgano muy costoso y de haber orquestado fraudes electorales en el pasado.<\/p>\n<p style=\"text-align: justify;\">Adem\u00e1s, el mandatario anunci\u00f3 para m\u00e1s adelante una reforma electoral de la que no dio detalles, mientras voces de Morena apostaron por suprimir el INE.<\/p>\n<p style=\"text-align: justify;\">\u00abEl INE es de las y los ciudadanos. Quien quiera desaparecerlo, ir\u00e1 en contra de las y los ciudadanos. As\u00ed de sencillo\u00bb, respondi\u00f3 C\u00f3rdova este lunes.<\/p>\n<p style=\"text-align: justify;\">En el mismo evento, el consejero electoral Ciro Murayama, tambi\u00e9n blanco de las cr\u00edticas del oficialismo, opin\u00f3 que las elecciones ratificaron \u00abla necesidad de un \u00e1rbitro independiente\u00bb que no est\u00e9 \u00abalineado\u00bb con los partidos ni con el Gobierno.<\/p>\n<p style=\"text-align: justify;\">\u00abEsta votaci\u00f3n plural, diversa y comprometida con la democracia ayud\u00f3 a conjurar el riesgo de la desaparici\u00f3n del INE aut\u00f3nomo\u00bb, se\u00f1al\u00f3.<\/p>\n<p style=\"text-align: justify;\">El INE es heredero del Instituto Federal Electoral (IFE), una instituci\u00f3n independiente del Gobierno mexicana fundada en 1990 como parte de la transici\u00f3n democr\u00e1tica de M\u00e9xico tras d\u00e9cadas de f\u00e9rreo control del Partido Revolucionario Institucional (PRI).<\/p>\n","protected":false},"excerpt":{"rendered":"<p>] CIUDAD DE M\u00c9XICO. * 7 de junio de 2021. ) Efe. El titular del Instituto Nacional Electoral (INE) de M\u00e9xico, Lorenzo C\u00f3rdova, reivindic\u00f3 este lunes la autonom\u00eda de la instituci\u00f3n tras las duras cr\u00edticas que recibi\u00f3 del presidente mexicano, Andr\u00e9s Manuel L\u00f3pez Obrador, durante la campa\u00f1a de las elecciones intermedias. \u00abTal vez haya quien&#8230;<\/p>\n","protected":false},"author":2,"featured_media":1229239,"comment_status":"closed","ping_status":"closed","sticky":false,"template":"","format":"standard","meta":{"footnotes":""},"categories":[1972],"tags":[10337,12056],"class_list":["post-1229238","post","type-post","status-publish","format-standard","has-post-thumbnail","hentry","category-special","tag-instituto-nacional-electoral-ine","tag-lorenzo-codova"],"_links":{"self":[{"href":"https:\/\/www.acapulcopress.com\/index.php\/wp-json\/wp\/v2\/posts\/1229238","targetHints":{"allow":["GET"]}}],"collection":[{"href":"https:\/\/www.acapulcopress.com\/index.php\/wp-json\/wp\/v2\/posts"}],"about":[{"href":"https:\/\/www.acapulcopress.com\/index.php\/wp-json\/wp\/v2\/types\/post"}],"author":[{"embeddable":true,"href":"https:\/\/www.acapulcopress.com\/index.php\/wp-json\/wp\/v2\/users\/2"}],"replies":[{"embeddable":true,"href":"https:\/\/www.acapulcopress.com\/index.php\/wp-json\/wp\/v2\/comments?post=1229238"}],"version-history":[{"count":0,"href":"https:\/\/www.acapulcopress.com\/index.php\/wp-json\/wp\/v2\/posts\/1229238\/revisions"}],"wp:featuredmedia":[{"embeddable":true,"href":"https:\/\/www.acapulcopress.com\/index.php\/wp-json\/"}],"wp:attachment":[{"href":"https:\/\/www.acapulcopress.com\/index.php\/wp-json\/wp\/v2\/media?parent=1229238"}],"wp:term":[{"taxonomy":"category","embeddable":true,"href":"https:\/\/www.acapulcopress.com\/index.php\/wp-json\/wp\/v2\/categories?post=1229238"},{"taxonomy":"post_tag","embeddable":true,"href":"https:\/\/www.acapulcopress.com\/index.php\/wp-json\/wp\/v2\/tags?post=1229238"}],"curies":[{"name":"wp","href":"https:\/\/api.w.org\/{rel}","templated":true}]}}