{"id":1229244,"date":"2021-06-07T22:41:30","date_gmt":"2021-06-08T03:41:30","guid":{"rendered":"https:\/\/www.acapulco.press\/?p=1229244"},"modified":"2021-06-07T22:41:30","modified_gmt":"2021-06-08T03:41:30","slug":"fueron-elecciones-seguras-y-en-paz-hector-astudillo","status":"publish","type":"post","link":"https:\/\/www.acapulcopress.com\/index.php\/2021\/06\/07\/fueron-elecciones-seguras-y-en-paz-hector-astudillo\/","title":{"rendered":"Fueron elecciones seguras y en paz, expresa el gobernador H\u00e9ctor Astudillo"},"content":{"rendered":"<p style=\"text-align: justify;\">] CHILPANCINGO. * 7 de junio de 2021.<br \/>\n<em>) Gobierno de Guerrero.<\/em><\/p>\n<p style=\"text-align: justify;\">El gobernador H\u00e9ctor Astudillo Flores, afirm\u00f3 que las elecciones en Guerrero transcurrieron en paz y de manera correcta y reconoci\u00f3 a las autoridades civiles y militares que integran la Mesa de Coordinaci\u00f3n para la Construcci\u00f3n de la Paz, por su colaboraci\u00f3n durante todo el proceso electoral que permiti\u00f3 que Guerrero est\u00e9 colocado en un momento de paz despu\u00e9s de las elecciones.<\/p>\n<p style=\"text-align: justify;\">\u00abLa jornada electoral se cuid\u00f3 bien en el tema de seguridad, fue una elecci\u00f3n en paz y donde hubo una votaci\u00f3n de cerca del 53 por ciento, hubo una gran afluencia en las casillas. Fuimos muy cuidadosos en cada uno de los pasos de la elecci\u00f3n, de los tiempos y las instituciones como la Secretar\u00eda Defensa Nacional, la Guardia Nacional, la Polic\u00eda del Estado, la Fiscal\u00eda del Estado, la Fiscal\u00eda General de la Rep\u00fablica y a todos los que integran la Mesa, se atendi\u00f3 el desarrollo de la elecci\u00f3n de manera puntual y correcta\u00bb, expres\u00f3 el gobernador Astudillo.<\/p>\n<p style=\"text-align: justify;\">En la sesi\u00f3n desde su despacho en el Recinto Oficial del Poder Ejecutivo, el gobernador consider\u00f3 que la actividad que realiz\u00f3 la Mesa de Coordinaci\u00f3n para la Construcci\u00f3n de la Paz durante la jornada electoral fue adecuada correcta y sin registrarse homicidios dentro del periodo electoral.<\/p>\n<p style=\"text-align: justify;\">\u00abQuiero expresarle a todos y cada uno de ustedes mi m\u00e1s amplio reconocimiento por todo el trabajo que se realiz\u00f3 en torno a la jornada electoral\u00bb y agreg\u00f3 que no hay ning\u00fan problema derivado de la elecci\u00f3n del d\u00eda de ayer domingo 6 de junio, pues los \u00f3rganos electorales est\u00e1n trabajando con normalidad.<\/p>\n<p style=\"text-align: justify;\">\u00abEntiendo perfectamente de los tiempos, nosotros hemos cumplido como responsables en lo que corresponde a la operatividad de esta Mesa para la Paz y la Justicia en t\u00e9rminos oportunos y correctos\u00bb, puntualiz\u00f3 Astudillo Flores.<\/p>\n<p style=\"text-align: justify;\">El Secretario de Seguridad P\u00fablica, David Portillo Menchaca, inform\u00f3 de las incidencias delictivas registradas durante el fin de semana, as\u00ed como los indicadores en los municipios prioritarios Taxco, Zihuatanejo y Chilpancingo que se mantienen a la baja.<\/p>\n<p style=\"text-align: justify;\">Estuvieron presentes el secretario general de Gobierno, Florencio Salazar Adame; el comandante de la Novena Regi\u00f3n Militar, Eufemio Alberto Ibarra Flores; el comandante de la Octava Regi\u00f3n Naval, Julio C\u00e9sar Pescina \u00c1vila; el comandante de la 35 zona Militar, Miguel \u00c1ngel Aguirre Lara; el Comandante de la 27 zona Militar, Federico San Juan Rosales; el Coordinador Estatal de la Guardia Nacional, Lucio Vergara G\u00f3mez.<\/p>\n<p style=\"text-align: justify;\">As\u00ed como el Fiscal General del Estado, Jorge Zuriel de los Santos Barrila; el Delegado de la FGR, Fernando Garc\u00eda Fern\u00e1ndez; el representante del Centro Nacional de Inteligencia, Juan Gabriel Sosa Pintos; el Presidente de Coparmex Chilpancingo, Joel Moreno Temelo; el Subsecretario de Asuntos Pol\u00edticos, Mart\u00edn Maldonado del Moral, entre otros funcionarios estatales y federales.<\/p>\n","protected":false},"excerpt":{"rendered":"<p>] CHILPANCINGO. * 7 de junio de 2021. ) Gobierno de Guerrero. El gobernador H\u00e9ctor Astudillo Flores, afirm\u00f3 que las elecciones en Guerrero transcurrieron en paz y de manera correcta y reconoci\u00f3 a las autoridades civiles y militares que integran la Mesa de Coordinaci\u00f3n para la Construcci\u00f3n de la Paz, por su colaboraci\u00f3n durante todo&#8230;<\/p>\n","protected":false},"author":2,"featured_media":1229245,"comment_status":"closed","ping_status":"closed","sticky":false,"template":"","format":"standard","meta":{"footnotes":""},"categories":[1969],"tags":[6705,9302,9705,12964,16426],"class_list":["post-1229244","post","type-post","status-publish","format-standard","has-post-thumbnail","hentry","category-trending","tag-covid19","tag-gobierno-de-guerrero","tag-hector-astudillo-flores","tag-mesa-de-coordinacion-para-la-construccion-de-la-paz","tag-semaforo-epidemiologico-covid19"],"_links":{"self":[{"href":"https:\/\/www.acapulcopress.com\/index.php\/wp-json\/wp\/v2\/posts\/1229244","targetHints":{"allow":["GET"]}}],"collection":[{"href":"https:\/\/www.acapulcopress.com\/index.php\/wp-json\/wp\/v2\/posts"}],"about":[{"href":"https:\/\/www.acapulcopress.com\/index.php\/wp-json\/wp\/v2\/types\/post"}],"author":[{"embeddable":true,"href":"https:\/\/www.acapulcopress.com\/index.php\/wp-json\/wp\/v2\/users\/2"}],"replies":[{"embeddable":true,"href":"https:\/\/www.acapulcopress.com\/index.php\/wp-json\/wp\/v2\/comments?post=1229244"}],"version-history":[{"count":0,"href":"https:\/\/www.acapulcopress.com\/index.php\/wp-json\/wp\/v2\/posts\/1229244\/revisions"}],"wp:featuredmedia":[{"embeddable":true,"href":"https:\/\/www.acapulcopress.com\/index.php\/wp-json\/"}],"wp:attachment":[{"href":"https:\/\/www.acapulcopress.com\/index.php\/wp-json\/wp\/v2\/media?parent=1229244"}],"wp:term":[{"taxonomy":"category","embeddable":true,"href":"https:\/\/www.acapulcopress.com\/index.php\/wp-json\/wp\/v2\/categories?post=1229244"},{"taxonomy":"post_tag","embeddable":true,"href":"https:\/\/www.acapulcopress.com\/index.php\/wp-json\/wp\/v2\/tags?post=1229244"}],"curies":[{"name":"wp","href":"https:\/\/api.w.org\/{rel}","templated":true}]}}