{"id":1229262,"date":"2021-06-08T00:47:45","date_gmt":"2021-06-08T05:47:45","guid":{"rendered":"https:\/\/www.acapulco.press\/?p=1229262"},"modified":"2021-06-08T00:47:45","modified_gmt":"2021-06-08T05:47:45","slug":"convoca-gobernador-a-la-unidad-por-el-bien-de-guerrero","status":"publish","type":"post","link":"https:\/\/www.acapulcopress.com\/index.php\/2021\/06\/08\/convoca-gobernador-a-la-unidad-por-el-bien-de-guerrero\/","title":{"rendered":"Convoca Gobernador a la unidad \u00abpor el bien de Guerrero\u00bb"},"content":{"rendered":"<p style=\"text-align: justify;\">] CHILPANCINGO. * 7 de junio de 2021.<br \/>\n<em>) Gobierno de Guerrero.<\/em><\/p>\n<p style=\"text-align: justify;\">\u00abUna vez culminada la elecci\u00f3n, nos tenemos que preparar a terminar este gobierno, con el m\u00e1s alto sentido de responsabilidad y compromiso con las y los guerrerenses y llamando a la unidad por el bien de Guerrero\u00bb, enfatiz\u00f3 el gobernador H\u00e9ctor Astudillo <img loading=\"lazy\" decoding=\"async\" class=\"alignleft size-medium wp-image-1229264\" src=\"https:\/\/www.acapulco.press\/wp-content\/uploads\/2021\/06\/HAF-UNIDAD2-375x249.jpg\" alt=\"\" width=\"375\" height=\"249\" \/>Flores durante la ceremonia de honores a la bandera.<\/p>\n<p>En el marco de este acto c\u00edvico correspondiente al mes de junio, el ejecutivo guerrerense estuvo acompa\u00f1ado de su esposa, la presidenta del DIF Guerrero, Mercedes Calvo; el presidente del Tribunal Superior de Justicia, Alberto L\u00f3pez Celis; asi como integrantes de la Mesa de Seguridad para la Construcci\u00f3n de la Paz, el secretario General de Gobierno, Florencio Salazar Adame; el secretario de Finanzas y Administraci\u00f3n, Tulio Samuel P\u00e9rez Calvo; el jefe de la Oficina del Ejecutivo, el secretario General del SUSPEG, David Mart\u00ednez Mastache.<\/p>\n<p><img loading=\"lazy\" decoding=\"async\" class=\"alignleft size-medium wp-image-1229265\" src=\"https:\/\/www.acapulco.press\/wp-content\/uploads\/2021\/06\/HAF-UNIDAD3-375x249.jpg\" alt=\"\" width=\"375\" height=\"249\" \/>\u00abFue una elecci\u00f3n en donde no tuvimos reportes de cuestiones graves\u00bb, mencion\u00f3 Astudillo Flores, quien adem\u00e1s detall\u00f3 que la Mesa de Seguridad para la Construcci\u00f3n de la Paz sesion\u00f3 en tres ocasiones el domingo para estar atentos ante cualquier incidente.<\/p>\n<p>A las y los candidatos les expres\u00f3 su reconocimiento por su participaci\u00f3n, esfuerzo y entrega y anunci\u00f3 que ser\u00e1n los \u00f3rganos electorales a quienes corresponder\u00e1 dar los resultados oficiales, por lo pronto guardar\u00e1 prudencia, ser\u00e1 respetuoso y esperar\u00e1 los tiempos para hacer los pronunciamientos pol\u00edticos correspondientes.<\/p>\n<p style=\"text-align: justify;\">\nTambi\u00e9n reconoci\u00f3 el trabajo de quienes cuidaron esta elecci\u00f3n como la Secretar\u00eda de la Defensa Nacional, la Secretar\u00eda de Marina, la Guardia Nacional, la Polic\u00eda del Estado, la Fiscal\u00eda General del Estado y a todos los que tuvieron participaci\u00f3n para que la jornada electoral saliera bien.<\/p>\n<p>Agreg\u00f3 que otro de los temas a resolver por su gobierno ser\u00e1 el regreso a clases de manera presencial de m\u00e1s de un mill\u00f3n de alumnos y seguir con el programa de Vacunaci\u00f3n anticovid, la entrega-recepci\u00f3n, \u00abestamos comprometidos con hacerlo bien, por el bien de Guerrero, por la transparencia, por el orden\u00bb.<\/p>\n<p>Anunci\u00f3 que recorrer\u00e1 el estado para entregar diversas obras que durante la elecci\u00f3n y la pandemia se detuvieron.<br \/>\n\u00abLa elecci\u00f3n ha terminado, los tiempos y las etapas son otras, creo que dentro de estas etapas que restan al 26 de octubre es mantenernos unidos, llamo a la unidad a todas las y los guerrerenses, pensar que al final de todo, lo m\u00e1s importante es Guerrero\u00bb.<\/p>\n","protected":false},"excerpt":{"rendered":"<p>] CHILPANCINGO. * 7 de junio de 2021. ) Gobierno de Guerrero. \u00abUna vez culminada la elecci\u00f3n, nos tenemos que preparar a terminar este gobierno, con el m\u00e1s alto sentido de responsabilidad y compromiso con las y los guerrerenses y llamando a la unidad por el bien de Guerrero\u00bb, enfatiz\u00f3 el gobernador H\u00e9ctor Astudillo Flores&#8230;<\/p>\n","protected":false},"author":2,"featured_media":1229263,"comment_status":"closed","ping_status":"closed","sticky":false,"template":"","format":"standard","meta":{"footnotes":""},"categories":[1983,18561],"tags":[9705,9706],"class_list":["post-1229262","post","type-post","status-publish","format-standard","has-post-thumbnail","hentry","category-guerrerogob","category-society-politics","tag-hector-astudillo-flores","tag-hector-astudillo-floress"],"_links":{"self":[{"href":"https:\/\/www.acapulcopress.com\/index.php\/wp-json\/wp\/v2\/posts\/1229262","targetHints":{"allow":["GET"]}}],"collection":[{"href":"https:\/\/www.acapulcopress.com\/index.php\/wp-json\/wp\/v2\/posts"}],"about":[{"href":"https:\/\/www.acapulcopress.com\/index.php\/wp-json\/wp\/v2\/types\/post"}],"author":[{"embeddable":true,"href":"https:\/\/www.acapulcopress.com\/index.php\/wp-json\/wp\/v2\/users\/2"}],"replies":[{"embeddable":true,"href":"https:\/\/www.acapulcopress.com\/index.php\/wp-json\/wp\/v2\/comments?post=1229262"}],"version-history":[{"count":0,"href":"https:\/\/www.acapulcopress.com\/index.php\/wp-json\/wp\/v2\/posts\/1229262\/revisions"}],"wp:featuredmedia":[{"embeddable":true,"href":"https:\/\/www.acapulcopress.com\/index.php\/wp-json\/"}],"wp:attachment":[{"href":"https:\/\/www.acapulcopress.com\/index.php\/wp-json\/wp\/v2\/media?parent=1229262"}],"wp:term":[{"taxonomy":"category","embeddable":true,"href":"https:\/\/www.acapulcopress.com\/index.php\/wp-json\/wp\/v2\/categories?post=1229262"},{"taxonomy":"post_tag","embeddable":true,"href":"https:\/\/www.acapulcopress.com\/index.php\/wp-json\/wp\/v2\/tags?post=1229262"}],"curies":[{"name":"wp","href":"https:\/\/api.w.org\/{rel}","templated":true}]}}