{"id":1229302,"date":"2021-06-08T19:13:51","date_gmt":"2021-06-09T00:13:51","guid":{"rendered":"https:\/\/www.acapulco.press\/?p=1229302"},"modified":"2021-06-08T19:13:51","modified_gmt":"2021-06-09T00:13:51","slug":"liberan-a-salvadorena-condenada-a-a30-anos-por-aborto","status":"publish","type":"post","link":"https:\/\/www.acapulcopress.com\/index.php\/2021\/06\/08\/liberan-a-salvadorena-condenada-a-a30-anos-por-aborto\/","title":{"rendered":"Liberan a salvadore\u00f1a condenada a 30 a\u00f1os de prisi\u00f3n por aborto"},"content":{"rendered":"<p style=\"text-align: justify;\">] EL SALVADOR. * 8 de junio de 2021.<br \/>\n<em>) <a href=\"https:\/\/es.euronews.com\/2021\/06\/08\/el-salvador-sale-de-prision-una-joven-condenada-a-30-anos-de-carcel-por-abortar\" target=\"_blank\" rel=\"noopener\">Euronews<\/a>.<\/em><\/p>\n<p style=\"text-align: justify;\">La joven salvadore\u00f1a Sara Rogel ha pasado casi nueve de sus 28 a\u00f1os entre rejas por abortar. Y la pena original era a\u00fan mayor: 30 a\u00f1os de c\u00e1rcel por homicidio agravado. La justicia salvadore\u00f1a decidi\u00f3 al final conmutar su pena y reducirla en dos tercios, lo que <img loading=\"lazy\" decoding=\"async\" class=\"alignleft size-medium wp-image-1229293\" src=\"https:\/\/www.acapulco.press\/wp-content\/uploads\/2021\/06\/Salvadorena-aborto-375x211.png\" alt=\"\" width=\"375\" height=\"211\" \/>ha permitido que ahora salga de prisi\u00f3n.<\/p>\n<p style=\"text-align: justify;\">El entorno de Sara afirma que nunca quiso abortar, que se cay\u00f3 mientras lavaba la ropa y su familia la llev\u00f3 al hospital, inconsciente y sangrando. En aquella \u00e9poca, Sara, una joven de una zona rural de El Salvador, ten\u00eda 20 a\u00f1os y estaba embarazada de ocho meses. Cuando lleg\u00f3 al hospital, la acusaron de haber querido acabar con su embarazo, por lo que fue imputada por homicidio agravado y condenada a 30 a\u00f1os de c\u00e1rcel.<\/p>\n<p style=\"text-align: justify;\">La abogada de la joven, Karla Vaquerano, expresaba su satisfacci\u00f3n a las puertas de la c\u00e1rcel.<\/p>\n<p style=\"text-align: justify;\">\u00abPues con mucha alegr\u00eda, es indescriptible estas emociones que uno siente despu\u00e9s de m\u00e1s de ocho a\u00f1os, casi ya nueve a\u00f1os. Sara ha estado privada de su libertad por una condena que consideramos fue injustamente atribuida\u00bb, dec\u00eda.<\/p>\n<p style=\"text-align: justify;\">El caso de Sara no es una excepci\u00f3n. En El Salvador, mujeres que pierden a sus beb\u00e9s durante el embarazo son acusadas a menudo de haber abortado, algo prohibido en el pa\u00eds en todas las circunstancias y tipificado como homicidio agravado, con una pena de 30 a\u00f1os de c\u00e1rcel. Al menos 15 salvadore\u00f1as se encuentran en prisi\u00f3n por este motivo.<\/p>\n","protected":false},"excerpt":{"rendered":"<p>] EL SALVADOR. * 8 de junio de 2021. ) Euronews. La joven salvadore\u00f1a Sara Rogel ha pasado casi nueve de sus 28 a\u00f1os entre rejas por abortar. Y la pena original era a\u00fan mayor: 30 a\u00f1os de c\u00e1rcel por homicidio agravado. La justicia salvadore\u00f1a decidi\u00f3 al final conmutar su pena y reducirla en dos&#8230;<\/p>\n","protected":false},"author":2,"featured_media":1229294,"comment_status":"closed","ping_status":"closed","sticky":false,"template":"","format":"standard","meta":{"footnotes":""},"categories":[1969,1989],"tags":[3099,16057],"class_list":["post-1229302","post","type-post","status-publish","format-standard","has-post-thumbnail","hentry","category-trending","category-noticias-generales","tag-aborto","tag-sara-rogel"],"_links":{"self":[{"href":"https:\/\/www.acapulcopress.com\/index.php\/wp-json\/wp\/v2\/posts\/1229302","targetHints":{"allow":["GET"]}}],"collection":[{"href":"https:\/\/www.acapulcopress.com\/index.php\/wp-json\/wp\/v2\/posts"}],"about":[{"href":"https:\/\/www.acapulcopress.com\/index.php\/wp-json\/wp\/v2\/types\/post"}],"author":[{"embeddable":true,"href":"https:\/\/www.acapulcopress.com\/index.php\/wp-json\/wp\/v2\/users\/2"}],"replies":[{"embeddable":true,"href":"https:\/\/www.acapulcopress.com\/index.php\/wp-json\/wp\/v2\/comments?post=1229302"}],"version-history":[{"count":0,"href":"https:\/\/www.acapulcopress.com\/index.php\/wp-json\/wp\/v2\/posts\/1229302\/revisions"}],"wp:featuredmedia":[{"embeddable":true,"href":"https:\/\/www.acapulcopress.com\/index.php\/wp-json\/"}],"wp:attachment":[{"href":"https:\/\/www.acapulcopress.com\/index.php\/wp-json\/wp\/v2\/media?parent=1229302"}],"wp:term":[{"taxonomy":"category","embeddable":true,"href":"https:\/\/www.acapulcopress.com\/index.php\/wp-json\/wp\/v2\/categories?post=1229302"},{"taxonomy":"post_tag","embeddable":true,"href":"https:\/\/www.acapulcopress.com\/index.php\/wp-json\/wp\/v2\/tags?post=1229302"}],"curies":[{"name":"wp","href":"https:\/\/api.w.org\/{rel}","templated":true}]}}