{"id":1229317,"date":"2021-06-08T21:00:41","date_gmt":"2021-06-09T02:00:41","guid":{"rendered":"https:\/\/www.acapulco.press\/?p=1229317"},"modified":"2021-06-08T21:00:41","modified_gmt":"2021-06-09T02:00:41","slug":"confirman-cadena-perpetua-contra-carnicero-de-los-balcanes","status":"publish","type":"post","link":"https:\/\/www.acapulcopress.com\/index.php\/2021\/06\/08\/confirman-cadena-perpetua-contra-carnicero-de-los-balcanes\/","title":{"rendered":"Confirman cadena perpetua contra \u00abCarnicero de los Balcanes\u00bb"},"content":{"rendered":"<p style=\"text-align: justify;\">] NUEVA YORK. * 8 de junio de 2021.<br \/>\n<em>) Euronews.<\/em><\/p>\n<p style=\"text-align: justify;\">La sentencia ha ca\u00eddo. Ratko Mladic, \u00abel carnicero de los Balcanes\u00bb, ha sido condenado a cadena perpetua. La justicia internacional ha ratificado la sentencia que recibi\u00f3 en 2017, en primera instancia, por los cargos de genocidio, cr\u00edmenes contra la humanidad y cr\u00edmenes de guerra cometidos durante la guerra de Bosnia.**La diferencia es que esta vez el veredicto es definitivo, por lo que cierra uno de los cap\u00edtulos m\u00e1s negros de la historia reciente de Europa. **<\/p>\n<p style=\"text-align: justify;\">El antiguo jefe militar de los serbios de Bosnia, convertido en un viejo hombre de casi 80 a\u00f1os, ha escuchado con gesto serio la sentencia del los jueces del Mecanismo para los Tribunales Penales Internacionales (MTPI). En cuanto a las familias de las v\u00edctimas, que pese a la pandemia han acudido a La Haya, respiran con alivio. La justicia internacional ha puesto fin a m\u00e1s de un cuarto de siglo demandando justicia.<\/p>\n<p style=\"text-align: justify;\">El veredicto tumb\u00f3 una por una las alegaciones de la defensa, que hab\u00eda pedido la absoluci\u00f3n del ex eneral o, en su defecto, una reducci\u00f3n de la condena o la repetici\u00f3n del juicio.<\/p>\n<p style=\"text-align: justify;\">Mladic pasar\u00e1 a la historia como responsable de la peor matanza cometida en Europa desde la Segunda Guerra Mundial, la masacre de Srebrenica, donde m\u00e1s de 8 000 hombres y adolescentes musulmanes fueron asesinados por las fuerzas serbias. Su nombre tambi\u00e9n quedar\u00e1 para siempre asociado a los cr\u00edmenes de guerra en Bosnia, as\u00ed como al asedio de la ciudad de Sarajevo. Pese a todo, muchos serbios siguen consider\u00e1ndole un h\u00e9roe.<\/p>\n<p style=\"text-align: justify;\"><strong>Juicio en primera instancia tras quince a\u00f1os escondido<\/strong><\/p>\n<p style=\"text-align: justify;\">Acabada la guerra, permaneci\u00f3 15 a\u00f1os escondido, hasta que fue capturado en 2011. Un a\u00f1o despu\u00e9s, comenz\u00f3 el juicio contra \u00e9l ante el Tribunal Penal Internacional para la Antigua Yugoslavia. Adem\u00e1s de por genocidio, como responsable de la matanza de Sebrenica, Mladic tambi\u00e9n fue condenado por cuatro cr\u00edmenes de guerra y cinco de lesa humanidad.<\/p>\n<p style=\"text-align: justify;\">La defensa apel\u00f3 el veredicto por motivos de salud del detenido. La Fiscal\u00eda tambi\u00e9n apel\u00f3, considerando que deb\u00eda ser condenado por un segundo cargo de genocidio, por la matanza de Prijedor, donde m\u00e1s de 3000 musulmanes y croatas fueron asesinados o desaparecieron y 50 000 fueron expulsadas.<\/p>\n<p style=\"text-align: justify;\"><strong>Mladic acusa al tribunal de ser un \u00abv\u00e1stago de las potencias occidentales\u00bb<\/strong><\/p>\n<p style=\"text-align: justify;\">En agosto de 2020, durante el proceso de apelaci\u00f3n, Ratko Mladic dijo que el tribunal era un \u00abv\u00e1stago de las potencias occidentales\u00bb y afirm\u00f3 que segu\u00eda siendo \u00abun objetivo de la alianza de la OTAN\u00bb, acusando a los fiscales de presentarlo en t\u00e9rminos \u00absat\u00e1nicos, p\u00e9rfidos y malvados\u00bb.<\/p>\n<p style=\"text-align: justify;\">Mladic es uno de los m\u00e1ximos dirigentes juzgados en tribunales internacionales por los cr\u00edmenes cometidos durante las guerras en la antigua Yugoslavia, adem\u00e1s del ex l\u00edder pol\u00edtico serbobosnio Radovan Karadzic, condenado a cadena perpetua en 2019, y el ex presidente yugoslavo Slobodan Milosevic, que muri\u00f3 en su celda de La Haya de un ataque al coraz\u00f3n en 2006 antes de que terminara su juicio.<\/p>\n<p style=\"text-align: justify;\">El fiscal del MTPI, Serge Brammertz, advirti\u00f3 que la sentencia final de Mladic no ser\u00eda suficiente para acabar con las divisiones en los Balcanes, pero marcar\u00e1 el final de un cap\u00edtulo.<\/p>\n","protected":false},"excerpt":{"rendered":"<p>] NUEVA YORK. * 8 de junio de 2021. ) Euronews. La sentencia ha ca\u00eddo. Ratko Mladic, \u00abel carnicero de los Balcanes\u00bb, ha sido condenado a cadena perpetua. La justicia internacional ha ratificado la sentencia que recibi\u00f3 en 2017, en primera instancia, por los cargos de genocidio, cr\u00edmenes contra la humanidad y cr\u00edmenes de guerra&#8230;<\/p>\n","protected":false},"author":2,"featured_media":1229318,"comment_status":"closed","ping_status":"closed","sticky":false,"template":"","format":"standard","meta":{"footnotes":""},"categories":[1972],"tags":[2174,15288],"class_list":["post-1229317","post","type-post","status-publish","format-standard","has-post-thumbnail","hentry","category-special","tag-carnicero-de-los-balcanes","tag-ratko-mladic"],"_links":{"self":[{"href":"https:\/\/www.acapulcopress.com\/index.php\/wp-json\/wp\/v2\/posts\/1229317","targetHints":{"allow":["GET"]}}],"collection":[{"href":"https:\/\/www.acapulcopress.com\/index.php\/wp-json\/wp\/v2\/posts"}],"about":[{"href":"https:\/\/www.acapulcopress.com\/index.php\/wp-json\/wp\/v2\/types\/post"}],"author":[{"embeddable":true,"href":"https:\/\/www.acapulcopress.com\/index.php\/wp-json\/wp\/v2\/users\/2"}],"replies":[{"embeddable":true,"href":"https:\/\/www.acapulcopress.com\/index.php\/wp-json\/wp\/v2\/comments?post=1229317"}],"version-history":[{"count":0,"href":"https:\/\/www.acapulcopress.com\/index.php\/wp-json\/wp\/v2\/posts\/1229317\/revisions"}],"wp:featuredmedia":[{"embeddable":true,"href":"https:\/\/www.acapulcopress.com\/index.php\/wp-json\/"}],"wp:attachment":[{"href":"https:\/\/www.acapulcopress.com\/index.php\/wp-json\/wp\/v2\/media?parent=1229317"}],"wp:term":[{"taxonomy":"category","embeddable":true,"href":"https:\/\/www.acapulcopress.com\/index.php\/wp-json\/wp\/v2\/categories?post=1229317"},{"taxonomy":"post_tag","embeddable":true,"href":"https:\/\/www.acapulcopress.com\/index.php\/wp-json\/wp\/v2\/tags?post=1229317"}],"curies":[{"name":"wp","href":"https:\/\/api.w.org\/{rel}","templated":true}]}}