{"id":1229324,"date":"2021-06-08T12:50:15","date_gmt":"2021-06-08T17:50:15","guid":{"rendered":"https:\/\/www.acapulco.press\/?p=1229324"},"modified":"2021-06-08T12:50:15","modified_gmt":"2021-06-08T17:50:15","slug":"fge-logro-sentencia-de-35-anos-contra-dos-homicidas-de-acapulco","status":"publish","type":"post","link":"https:\/\/www.acapulcopress.com\/index.php\/2021\/06\/08\/fge-logro-sentencia-de-35-anos-contra-dos-homicidas-de-acapulco\/","title":{"rendered":"FGE logr\u00f3 sentencia de 35 a\u00f1os contra dos homicidas de Acapulco"},"content":{"rendered":"<p style=\"text-align: justify;\">] CHILPANCINGO. * 8 de junio de 2021.<br \/>\n<em>) <a href=\"https:\/\/fiscaliaguerrero.gob.mx\" target=\"_blank\" rel=\"noopener\">https:\/\/fiscaliaguerrero.gob.mx<\/a>.<\/em><\/p>\n<p style=\"text-align: justify;\">El Ministerio P\u00fablico de Tabares logr\u00f3 sentencia condenatoria de 35 a\u00f1os de prisi\u00f3n en contra de Julio C\u00e9sar \u00abN\u00bb, alias La Pulga y Noe \u00abN\u00bb, alias \u00abEl Cotorra\u00bb, como responsables del delito de homicidio calificado en agravio de Teodoro \u00abN\u00bb.<\/p>\n<p>En la causa penal 83\/06-II\/7-I se integraron los hechos se\u00f1alados en contra de los ahora sentenciados, a quienes el Ministerio P\u00fablico acredit\u00f3 que le dispararon a la v\u00edctima cuando se encontraba en el interior de un veh\u00edculo ocasionando que perdiera la vida.<\/p>\n<p style=\"text-align: justify;\">Por lo que el juez tomando en cuenta las pruebas dict\u00f3 sentencia condenatoria de 35 a\u00f1os de prisi\u00f3n en contra de Julio C\u00e9sar \u00abN\u00bb y Noe \u00abN\u00bb, como responsables de homicidio calificado, quedando internos en el Centro de Reinserci\u00f3n Social de Acapulco.<\/p>\n<p style=\"text-align: justify;\">DAN 26 A\u00d1OS DE PRISI\u00d3N A FEMINICIDA<\/p>\n<p style=\"text-align: justify;\"><img loading=\"lazy\" decoding=\"async\" class=\"alignleft size-medium wp-image-1229326\" src=\"https:\/\/www.acapulco.press\/wp-content\/uploads\/2021\/06\/fge-Carlos-Jocsan-375x375.jpg\" alt=\"\" width=\"375\" height=\"375\" \/>Como responsable en la comisi\u00f3n del delito de secuestro agravado, Carlos Jocsan \u00abN\u00bb fue sentenciado a 26 a\u00f1os de prisi\u00f3n en agravio de una f\u00e9mina en Acapulco.<\/p>\n<p style=\"text-align: justify;\">El Ministerio P\u00fablico adscrito a Tabares acredit\u00f3 el delito cometido el d\u00eda 16 de diciembre de 2019, cuando Carlos Jocsan \u00abN\u00bb en compa\u00f1\u00eda de una persona del sexo masculino y femenino, interceptaron a la v\u00edctima en el punto conocido como Crucero de Cayaco, para luego trasladarla a una casa de seguridad y exigir un pago por su liberaci\u00f3n.<\/p>\n<p style=\"text-align: justify;\">En un despliegue de elementos ministeriales del Grupo Antisecuestro de logr\u00f3 la detenci\u00f3n del ahora sentenciado, y en audiencia el Juez de Control y Enjuiciamiento Penal tom\u00f3 en cuenta los datos de prueba presentados, dictando fallo condenatorio de 26 a\u00f1os y siete meses de prisi\u00f3n, quedando interno en el Centro de Reinserci\u00f3n Social de Acapulco.<\/p>\n<p>FGE CONSIGUE PRISI\u00d3N PREVENTIVA CONTRA DOS FEMINICIDAS<\/p>\n<p>El Ministerio P\u00fablico obtuvo prisi\u00f3n preventiva oficiosa en contra de Alonso \u00abN\u00bb y Ernesto \u00abN\u00bb, como probables responsables del delito de homicidio calificado en agravio de f\u00e9mina, hechos en la carpeta judicial C-396\/2021.<\/p>\n<p style=\"text-align: justify;\">Los imputados son acusados de privar de la vida a la v\u00edctima el d\u00eda 31 de mayo del presente a\u00f1o, cuando al acercarse al veh\u00edculo en el que viajaban los agresores le dispararon, quedando en calle Tadeo Arredondo privada de la vida.<\/p>\n<p style=\"text-align: justify;\">La representaci\u00f3n social solicit\u00f3 la medida cautelar de prisi\u00f3n preventiva, quedando internos en el Centro de Reinserci\u00f3n Social de Acapulco a la espera de la continuaci\u00f3n de la audiencia de vinculaci\u00f3n a proceso.<\/p>\n<p style=\"text-align: justify;\">La Fiscal\u00eda General del Estado continuar\u00e1 investigando los delitos del fuero com\u00fan y con especial seguimiento los cometidos en temas de igualdad de g\u00e9nero y menores de edad en el estado de Guerrero.<\/p>\n","protected":false},"excerpt":{"rendered":"<p>] CHILPANCINGO. * 8 de junio de 2021. ) https:\/\/fiscaliaguerrero.gob.mx. El Ministerio P\u00fablico de Tabares logr\u00f3 sentencia condenatoria de 35 a\u00f1os de prisi\u00f3n en contra de Julio C\u00e9sar \u00abN\u00bb, alias La Pulga y Noe \u00abN\u00bb, alias \u00abEl Cotorra\u00bb, como responsables del delito de homicidio calificado en agravio de Teodoro \u00abN\u00bb. En la causa penal 83\/06-II\/7-I&#8230;<\/p>\n","protected":false},"author":2,"featured_media":1229325,"comment_status":"closed","ping_status":"closed","sticky":false,"template":"","format":"standard","meta":{"footnotes":""},"categories":[18561,2005],"tags":[8709,10946,14737],"class_list":["post-1229324","post","type-post","status-publish","format-standard","has-post-thumbnail","hentry","category-society-politics","category-seguridad-y-justicia","tag-fiscalia-general-del-estado-e-guerrero-fgegro","tag-jorge-zuriel-de-los-santos-barrila","tag-policia-ministerial-de-guerrero"],"_links":{"self":[{"href":"https:\/\/www.acapulcopress.com\/index.php\/wp-json\/wp\/v2\/posts\/1229324","targetHints":{"allow":["GET"]}}],"collection":[{"href":"https:\/\/www.acapulcopress.com\/index.php\/wp-json\/wp\/v2\/posts"}],"about":[{"href":"https:\/\/www.acapulcopress.com\/index.php\/wp-json\/wp\/v2\/types\/post"}],"author":[{"embeddable":true,"href":"https:\/\/www.acapulcopress.com\/index.php\/wp-json\/wp\/v2\/users\/2"}],"replies":[{"embeddable":true,"href":"https:\/\/www.acapulcopress.com\/index.php\/wp-json\/wp\/v2\/comments?post=1229324"}],"version-history":[{"count":0,"href":"https:\/\/www.acapulcopress.com\/index.php\/wp-json\/wp\/v2\/posts\/1229324\/revisions"}],"wp:featuredmedia":[{"embeddable":true,"href":"https:\/\/www.acapulcopress.com\/index.php\/wp-json\/"}],"wp:attachment":[{"href":"https:\/\/www.acapulcopress.com\/index.php\/wp-json\/wp\/v2\/media?parent=1229324"}],"wp:term":[{"taxonomy":"category","embeddable":true,"href":"https:\/\/www.acapulcopress.com\/index.php\/wp-json\/wp\/v2\/categories?post=1229324"},{"taxonomy":"post_tag","embeddable":true,"href":"https:\/\/www.acapulcopress.com\/index.php\/wp-json\/wp\/v2\/tags?post=1229324"}],"curies":[{"name":"wp","href":"https:\/\/api.w.org\/{rel}","templated":true}]}}