{"id":1229331,"date":"2021-06-09T15:17:11","date_gmt":"2021-06-09T20:17:11","guid":{"rendered":"https:\/\/www.acapulco.press\/?p=1229331"},"modified":"2021-06-09T15:17:11","modified_gmt":"2021-06-09T20:17:11","slug":"exigen-mario-y-taja-voto-por-voto-o-nulidad-de-eleccion","status":"publish","type":"post","link":"https:\/\/www.acapulcopress.com\/index.php\/2021\/06\/09\/exigen-mario-y-taja-voto-por-voto-o-nulidad-de-eleccion\/","title":{"rendered":"Exigen Mario y Taja &#8216;voto por voto&#8217; o &#8216;nulidad de elecci\u00f3n&#8217;"},"content":{"rendered":"<p style=\"text-align: justify;\"><strong><em>* Mario Moreno pide tambi\u00e9n la renuncia de los consejeros del<\/em> Instituto Electoral de Guerrero que sumieron a la elecci\u00f3n del 6 de junio en un ambiente oscuro, desinformado e incierto.<\/strong><\/p>\n<p style=\"text-align: justify;\">] CHILPANCINGO\/ACAPULCO. * 9 de junio de 2021.<br \/>\n<em>) Comunicados.<\/em><\/p>\n<figure id=\"attachment_1229333\" aria-describedby=\"caption-attachment-1229333\" style=\"width: 375px\" class=\"wp-caption alignleft\"><img loading=\"lazy\" decoding=\"async\" class=\"wp-image-1229333 size-medium\" src=\"https:\/\/www.acapulco.press\/wp-content\/uploads\/2021\/06\/NO-VOCEROS-MARIO-375x375.jpg\" alt=\"\" width=\"375\" height=\"375\" \/><figcaption id=\"caption-attachment-1229333\" class=\"wp-caption-text\"><strong>Moreno Arcos.<\/strong><\/figcaption><\/figure>\n<p style=\"text-align: justify;\">El candidato de la alianza PRI\/PRD a gobernador de Guerrero solicit\u00f3 la renuncia de todos los consejeros del Instituto Electoral y de Participaci\u00f3n Ciudadana del Estado de Guerrero (IEPCGro) que protestaron respetar la legalidad y en cambio sumieron a la elecci\u00f3n del 6 de junio en un ambiente oscuro, desinformado e incierto.<\/p>\n<p style=\"text-align: justify;\">Y en caso de ser necesario, con las probanzas necesarias y los argumentos legales, las dirigencias del PRI y PRD de esta alianza, \u00abpedir\u00edan la nulidad de la elecci\u00f3n del pasado domingo\u00bb.<\/p>\n<p style=\"text-align: justify;\">Moreno Arcos, tras requerir la apertura de los paquetes electorales para el conteo voto por voto y darle claridad a la jornada electiva que no le ha dado el Instituto Electoral de Guerrero, se\u00f1al\u00f3 que lo sucedido con el PREP confirma \u201cel madruguete a la democracia\u201d dado desde el mismo organismo electoral.<\/p>\n<p style=\"text-align: justify;\">Respetuoso de las instituciones y la normatividad, dijo que no puede permitir que por los errores de aquellos que juraron respetar y hacer respetar la Constituci\u00f3n, lo que ser\u00eda el final de una fiesta c\u00edvica concluyera sumida en la desinformaci\u00f3n e incertidumbre total.<\/p>\n<p style=\"text-align: justify;\">\u00abIntencional o no, el INE caus\u00f3 confusi\u00f3n total\u00bb cuando en forma irresponsable valid\u00f3 resultados parciales de un conteo r\u00e1pido que a todas luces era \u00abirregular\u00bb. Esto \u00abno lo vamos a permitir\u00bb, a\u00f1adi\u00f3 el candidato aliancista.<\/p>\n<p style=\"text-align: justify;\">A los responsables de los trabajos operativos de la elecci\u00f3n al interior del IEPC, quienes quedaron rebasados con la muestra publicitada a trav\u00e9s del PREP, se les responsabiliza de haber provocado tal desinformaci\u00f3n y con ello suspicacia a la ciudadan\u00eda en general. \u00abHasta hoy, 3 d\u00edas despu\u00e9s de la elecci\u00f3n, s\u00f3lo se tienen presuntos resultados del 37% de las actas computadas por un PREP que fue evidentemente err\u00e1tico\u00bb. Por todas esas razones expuestas, Moreno Arcos dijo que llegar\u00e1n hasta las \u00faltimas consecuencias, por las v\u00edas legales correspondientes a fin de legitimar la elecci\u00f3n electoral del 6 junio pasado en Guerrero.<\/p>\n<p><iframe loading=\"lazy\" title=\"VOTO POR VOTO O NULIDAD DE ELECCI\u00d3N | MARIO MORENO\" width=\"1160\" height=\"653\" src=\"https:\/\/www.youtube.com\/embed\/2QfOSxEuj-4?feature=oembed\" frameborder=\"0\" allow=\"accelerometer; autoplay; clipboard-write; encrypted-media; gyroscope; picture-in-picture; web-share\" referrerpolicy=\"strict-origin-when-cross-origin\" allowfullscreen><\/iframe><\/p>\n<figure id=\"attachment_1229343\" aria-describedby=\"caption-attachment-1229343\" style=\"width: 840px\" class=\"wp-caption alignnone\"><img loading=\"lazy\" decoding=\"async\" class=\"wp-image-1229343 size-large\" src=\"https:\/\/www.acapulco.press\/wp-content\/uploads\/2021\/06\/PREP-GRO-840x1417.png\" alt=\"\" width=\"840\" height=\"1417\" \/><figcaption id=\"caption-attachment-1229343\" class=\"wp-caption-text\"><strong>Con 1,880 actas \u00abcontabilizadas\u00bb &#8211;apenas el 37.5% del conteo general&#8211; de 5,013 esperadas (que ser\u00edan el 100% de las actas de la elecci\u00f3n) dio el Instituto Electoral del Estado el triunfo a Morena en Guerrero.<\/strong> ] Fuente: <a href=\"https:\/\/prep2021-gro-opl.mx\/gubernatura.html\" target=\"_blank\" rel=\"noopener\">PREP Guerrero<\/a><\/figcaption><\/figure>\n<h2 style=\"text-align: justify;\"><strong>TAJA IMPUGNAR\u00c1 TAMBI\u00c9N LA ELECCI\u00d3N EN ACAPULCO<\/strong><\/h2>\n<figure id=\"attachment_1229334\" aria-describedby=\"caption-attachment-1229334\" style=\"width: 375px\" class=\"wp-caption alignleft\"><img loading=\"lazy\" decoding=\"async\" class=\"wp-image-1229334 size-medium\" src=\"https:\/\/www.acapulco.press\/wp-content\/uploads\/2021\/06\/Ricardo-Taja-375x418.jpg\" alt=\"\" width=\"375\" height=\"418\" \/><figcaption id=\"caption-attachment-1229334\" class=\"wp-caption-text\">Taja.<\/figcaption><\/figure>\n<p style=\"text-align: justify;\">El candidato de la alianza PRI\/PRD a Presidente de Acapulco, Ricardo Taja Ram\u00edrez, asegur\u00f3 que tambi\u00e9n impugnar\u00e1 la elecci\u00f3n realizada en Acapulco ya que cuenta con las evidencias que m\u00e1s del 50 por ciento de las casillas instaladas en el municipio se cerraron con irregularidades e inconsistencias en las actas de escrutinio, por tal motivo pedir\u00e1 que se abran todos los paquetes electorales para comprobar la veracidad de la informaci\u00f3n que arrojan los resultados impugnados.<\/p>\n<p style=\"text-align: justify;\">Taja Ram\u00edrez puntualiz\u00f3 que, de acuerdo con la informaci\u00f3n proporcionada por los representantes partidistas, existen 441 casillas con inconsistencias graves que ponen en riesgo la credibilidad de los resultados que hasta ahora favorecen a otro partido pol\u00edtico.<\/p>\n<p style=\"text-align: justify;\">Indic\u00f3 que su equipo de campa\u00f1a est\u00e1 al pendiente del c\u00f3mputo que se ha iniciado en los distritos electorales con sede en Acapulco y a\u00f1adi\u00f3 que se tiene a los representantes legales adecuados en los siete distritos electorales participando en el conteo de votos.<\/p>\n<p style=\"text-align: justify;\">Taja Ram\u00edrez consider\u00f3 que la suma de votos reflejados en las actas de escrutinio y c\u00f3mputo no coincide con los votos que est\u00e1n dentro de la urna lo que hace suponer que se fragu\u00f3 una elecci\u00f3n para provocar la derrota contra su proyecto.<\/p>\n<p style=\"text-align: justify;\">El d\u00eda de la elecci\u00f3n se detectaron muchas irregularidades no solamente en la instalaci\u00f3n de casillas sino durante todo el proceso con m\u00e9todos antidemocr\u00e1ticos como acarreo y pago de votos, independientemente de que las casillas especiales tuvieron una inusitada actividad, detall\u00f3.<\/p>\n<p style=\"text-align: justify;\">El d\u00eda de la elecci\u00f3n se detectaron muchas irregularidades no solamente en la instalaci\u00f3n de casillas sino durante todo el proceso con m\u00e9todos antidemocr\u00e1ticos como acarreo y pago de votos, independientemente de que las casillas especiales tuvieron una inusitada actividad, detall\u00f3.<\/p>\n<figure id=\"attachment_1229342\" aria-describedby=\"caption-attachment-1229342\" style=\"width: 840px\" class=\"wp-caption alignnone\"><img loading=\"lazy\" decoding=\"async\" class=\"wp-image-1229342 size-large\" src=\"https:\/\/www.acapulco.press\/wp-content\/uploads\/2021\/06\/PREP-acapulco-840x2579.png\" alt=\"\" width=\"840\" height=\"2579\" \/><figcaption id=\"caption-attachment-1229342\" class=\"wp-caption-text\"><strong>Con 565 actas \u00abcontabilizadas\u00bb de 1,007 esperadas (que ser\u00edan el 100% de las actas de la elecci\u00f3n) dio el Instituto Electoral de Guerrero el triunfo Morena en Acapulco.<\/strong> ] Fuente: <a href=\"https:\/\/prep2021-gro-opl.mx\/ayuntamientos.html\" target=\"_blank\" rel=\"noopener\">PREP Guerrero<\/a><\/figcaption><\/figure>\n<p style=\"text-align: justify;\">\n","protected":false},"excerpt":{"rendered":"<p>* Mario Moreno pide tambi\u00e9n la renuncia de los consejeros del Instituto Electoral de Guerrero que sumieron a la elecci\u00f3n del 6 de junio en un ambiente oscuro, desinformado e incierto. ] CHILPANCINGO\/ACAPULCO. * 9 de junio de 2021. ) Comunicados. El candidato de la alianza PRI\/PRD a gobernador de Guerrero solicit\u00f3 la renuncia de&#8230;<\/p>\n","protected":false},"author":2,"featured_media":1229332,"comment_status":"closed","ping_status":"closed","sticky":false,"template":"","format":"standard","meta":{"footnotes":""},"categories":[2053,1972],"tags":[7799,12685,15606],"class_list":["post-1229331","post","type-post","status-publish","format-standard","has-post-thumbnail","hentry","category-elecciones-special","category-special","tag-eleccion-guerrero-2021","tag-mario-moreno-arcos","tag-ricardo-taja-ramirez"],"_links":{"self":[{"href":"https:\/\/www.acapulcopress.com\/index.php\/wp-json\/wp\/v2\/posts\/1229331","targetHints":{"allow":["GET"]}}],"collection":[{"href":"https:\/\/www.acapulcopress.com\/index.php\/wp-json\/wp\/v2\/posts"}],"about":[{"href":"https:\/\/www.acapulcopress.com\/index.php\/wp-json\/wp\/v2\/types\/post"}],"author":[{"embeddable":true,"href":"https:\/\/www.acapulcopress.com\/index.php\/wp-json\/wp\/v2\/users\/2"}],"replies":[{"embeddable":true,"href":"https:\/\/www.acapulcopress.com\/index.php\/wp-json\/wp\/v2\/comments?post=1229331"}],"version-history":[{"count":0,"href":"https:\/\/www.acapulcopress.com\/index.php\/wp-json\/wp\/v2\/posts\/1229331\/revisions"}],"wp:featuredmedia":[{"embeddable":true,"href":"https:\/\/www.acapulcopress.com\/index.php\/wp-json\/"}],"wp:attachment":[{"href":"https:\/\/www.acapulcopress.com\/index.php\/wp-json\/wp\/v2\/media?parent=1229331"}],"wp:term":[{"taxonomy":"category","embeddable":true,"href":"https:\/\/www.acapulcopress.com\/index.php\/wp-json\/wp\/v2\/categories?post=1229331"},{"taxonomy":"post_tag","embeddable":true,"href":"https:\/\/www.acapulcopress.com\/index.php\/wp-json\/wp\/v2\/tags?post=1229331"}],"curies":[{"name":"wp","href":"https:\/\/api.w.org\/{rel}","templated":true}]}}