{"id":1229352,"date":"2021-06-09T16:59:43","date_gmt":"2021-06-09T21:59:43","guid":{"rendered":"https:\/\/www.acapulco.press\/?p=1229352"},"modified":"2021-06-09T16:59:43","modified_gmt":"2021-06-09T21:59:43","slug":"captura-fge-a-presunto-responsable-de-homicidio-calificado","status":"publish","type":"post","link":"https:\/\/www.acapulcopress.com\/index.php\/2021\/06\/09\/captura-fge-a-presunto-responsable-de-homicidio-calificado\/","title":{"rendered":"Captura FGE a presunto responsable de homicidio calificado"},"content":{"rendered":"<p>] CHILPANCINGO. * 9 de junio de 2021.<br \/>\n<em>) <a href=\"https:\/\/fiscaliaguerrero.gob.mx\" target=\"_blank\" rel=\"noopener\">https:\/\/fiscaliaguerrero.gob.mx<\/a>.<\/em><\/p>\n<p style=\"text-align: justify;\">Fiscal\u00eda de Guerrero a trav\u00e9s de la Polic\u00eda Investigadora Ministerial regi\u00f3n Norte, dio cumplimiento a la orden de aprehensi\u00f3n en contra de quien dijo llamarse Jaime \u00abN\u00bb, detenido en carretera Iguala-Teloloapan, colonia Loma de los Coyotes, como probable responsable del delito de homicidio calificado, hechos en la causa penal 194\/2015, quedando a disposici\u00f3n del Juez Penal del Distrito Judicial de los Bravo.<\/p>\n","protected":false},"excerpt":{"rendered":"<p>] CHILPANCINGO. * 9 de junio de 2021. ) https:\/\/fiscaliaguerrero.gob.mx. Fiscal\u00eda de Guerrero a trav\u00e9s de la Polic\u00eda Investigadora Ministerial regi\u00f3n Norte, dio cumplimiento a la orden de aprehensi\u00f3n en contra de quien dijo llamarse Jaime \u00abN\u00bb, detenido en carretera Iguala-Teloloapan, colonia Loma de los Coyotes, como probable responsable del delito de homicidio calificado, hechos&#8230;<\/p>\n","protected":false},"author":2,"featured_media":1229353,"comment_status":"closed","ping_status":"closed","sticky":false,"template":"","format":"standard","meta":{"footnotes":""},"categories":[18561,2005],"tags":[8709,10946,14737],"class_list":["post-1229352","post","type-post","status-publish","format-standard","has-post-thumbnail","hentry","category-society-politics","category-seguridad-y-justicia","tag-fiscalia-general-del-estado-e-guerrero-fgegro","tag-jorge-zuriel-de-los-santos-barrila","tag-policia-ministerial-de-guerrero"],"_links":{"self":[{"href":"https:\/\/www.acapulcopress.com\/index.php\/wp-json\/wp\/v2\/posts\/1229352","targetHints":{"allow":["GET"]}}],"collection":[{"href":"https:\/\/www.acapulcopress.com\/index.php\/wp-json\/wp\/v2\/posts"}],"about":[{"href":"https:\/\/www.acapulcopress.com\/index.php\/wp-json\/wp\/v2\/types\/post"}],"author":[{"embeddable":true,"href":"https:\/\/www.acapulcopress.com\/index.php\/wp-json\/wp\/v2\/users\/2"}],"replies":[{"embeddable":true,"href":"https:\/\/www.acapulcopress.com\/index.php\/wp-json\/wp\/v2\/comments?post=1229352"}],"version-history":[{"count":0,"href":"https:\/\/www.acapulcopress.com\/index.php\/wp-json\/wp\/v2\/posts\/1229352\/revisions"}],"wp:featuredmedia":[{"embeddable":true,"href":"https:\/\/www.acapulcopress.com\/index.php\/wp-json\/"}],"wp:attachment":[{"href":"https:\/\/www.acapulcopress.com\/index.php\/wp-json\/wp\/v2\/media?parent=1229352"}],"wp:term":[{"taxonomy":"category","embeddable":true,"href":"https:\/\/www.acapulcopress.com\/index.php\/wp-json\/wp\/v2\/categories?post=1229352"},{"taxonomy":"post_tag","embeddable":true,"href":"https:\/\/www.acapulcopress.com\/index.php\/wp-json\/wp\/v2\/tags?post=1229352"}],"curies":[{"name":"wp","href":"https:\/\/api.w.org\/{rel}","templated":true}]}}