{"id":1229375,"date":"2021-06-09T19:44:43","date_gmt":"2021-06-10T00:44:43","guid":{"rendered":"https:\/\/www.acapulco.press\/?p=1229375"},"modified":"2021-06-09T19:44:43","modified_gmt":"2021-06-10T00:44:43","slug":"combate-a-violencia-de-genero-tema-prioritoria-astudillo","status":"publish","type":"post","link":"https:\/\/www.acapulcopress.com\/index.php\/2021\/06\/09\/combate-a-violencia-de-genero-tema-prioritoria-astudillo\/","title":{"rendered":"Combate a violencia de g\u00e9nero, tema prioritario | Astudillo"},"content":{"rendered":"<p style=\"text-align: justify;\"><img loading=\"lazy\" decoding=\"async\" class=\"alignnone wp-image-1229382 size-large\" src=\"https:\/\/www.acapulco.press\/wp-content\/uploads\/2021\/06\/haf-vviolencia-genero4-840x559.jpg\" alt=\"\" width=\"840\" height=\"559\" \/><\/p>\n<p style=\"text-align: justify;\">] CHILPANCINGO. * 9 de junio de 2021.<br \/>\n<em>) Gobierno de Guerrero.<\/em><\/p>\n<p style=\"text-align: justify;\">En el marco de la clausura de la capacitaci\u00f3n en materia de servicios esenciales para mujeres y ni\u00f1as que enfrentan violencia, el gobernador H\u00e9ctor Astudillo Flores enfatiz\u00f3 que la eliminaci\u00f3n de todas formas de violencia contra las mujeres y las ni\u00f1as ser\u00e1 <img loading=\"lazy\" decoding=\"async\" class=\"alignleft size-medium wp-image-1229380\" src=\"https:\/\/www.acapulco.press\/wp-content\/uploads\/2021\/06\/haf-vviolencia-genero2-375x250.jpg\" alt=\"\" width=\"375\" height=\"250\" \/>uno de los temas prioritarios en el \u00faltimo tramo de su administraci\u00f3n.<\/p>\n<p style=\"text-align: justify;\">Acompa\u00f1ado de su esposa, la presidenta del DIF Guerrero, Mercedes Calvo, del secretario general de Gobierno, Florencio Salazar Adame, el titular del Ejecutivo guerrerense se\u00f1al\u00f3 que en 2015 Guerrero se encontraba en primer lugar de feminicidios, sin embargo, gracias a los esfuerzos conjuntos y coordinaci\u00f3n entre los tres \u00f3rdenes de gobierno, hoy se encuentra en el lugar n\u00famero 20 en este delito de acuerdo a los datos del Secretariado Ejecutivo del Sistema Nacional de Seguridad P\u00fablica y la Fiscal\u00eda General del Estado.<\/p>\n<p style=\"text-align: justify;\"><img loading=\"lazy\" decoding=\"async\" class=\"alignleft size-medium wp-image-1229379\" src=\"https:\/\/www.acapulco.press\/wp-content\/uploads\/2021\/06\/haf-vviolencia-genero-375x250.jpg\" alt=\"\" width=\"375\" height=\"250\" \/>Apunt\u00f3 que se seguir\u00e1n impulsando acciones como esta capacitaci\u00f3n en la que participaron 120 servidores p\u00fablicos del Poder Judicial, de la Fiscal\u00eda General del Estado, del ayuntamiento de Chilpancingo, as\u00ed como trabajadores de la Secretar\u00eda de la Mujer, Salud, Seguridad P\u00fablica, DIF estatal, entre otras para lograr un estado libre de violencia que es la aspiraci\u00f3n de todas y todos los guerrerenses.<\/p>\n<p style=\"text-align: justify;\">\u00abLa capacitaci\u00f3n que hoy culmina permitir\u00e1 a los servidores p\u00fablicos emplear t\u00e9cnicas especializadas para obtener conocimientos y habilidades necesarias para mejorar su eficacia y lograr una mejor atenci\u00f3n a las mujeres V\u00edctimas de violencia\u00bb, agreg\u00f3 Astudillo Flores.<\/p>\n<p style=\"text-align: justify;\">Agradeci\u00f3 a la iniciativa Spotlight, a la Uni\u00f3n Europea y la Organizaci\u00f3n de las Naciones Unidas por trabajar coordinadamente en la eliminaci\u00f3n de todas formas de violencia contra las mujeres y las ni\u00f1as.<\/p>\n<p style=\"text-align: justify;\">Record\u00f3 que el 20 de mayo en Tlapa se puso en marcha el reforzamiento de las acciones para eliminar la violencia contra ni\u00f1as y mujeres ind\u00edgenas y reiter\u00f3 que uno de los compromisos de su gobierno es combatir y acabar con este tipo de actos que atentan contra los derechos humanos de este sector de la poblaci\u00f3n como son los matrimonios forzados.<\/p>\n<p style=\"text-align: justify;\">\u00abTenemos mucha claridad de qu\u00e9 es lo que tenemos que hacer, de aqu\u00ed al 14 de octubre debemos de seguir trabajando con el mismo \u00e1nimo con el mismo entusiasmo y con el mismo compromiso, este ser\u00e1 un tema de prioridad en el cierre de nuestro gobierno\u00bb.<\/p>\n<p style=\"text-align: justify;\">Asimismo, se\u00f1al\u00f3 que se est\u00e1 preparando para hacer una entrega recepci\u00f3n que sea hist\u00f3rica para la administraci\u00f3n del Estado de Guerrero con el fin de entregar cuentas claras, informando en qu\u00e9 condici\u00f3n queda el estado en lo econ\u00f3mico, en lo pol\u00edtico y en lo social.<\/p>\n<p style=\"text-align: justify;\">El coordinador de la iniciativa Spotlight del Fondo de Poblaci\u00f3n de las Naciones de poblaci\u00f3n de las Naciones unidas M\u00e9xico, Jos\u00e9 Antonio Ruiz Hern\u00e1ndez se\u00f1al\u00f3 que en las instituciones del estado de Guerrero han encontrado instituciones aliadas y reconoci\u00f3 el trabajo que realiza la administraci\u00f3n que encabeza el gobernador H\u00e9ctor Astudillo Flores para promover diversas acciones de fortalecimiento de las capacidades de servidores p\u00fablicos y herramientas de comunicaci\u00f3n que se implementan a favor de la ni\u00f1as y mujeres en Guerrero.<\/p>\n<p style=\"text-align: justify;\">Consider\u00f3 que la capacitaci\u00f3n de servicios esenciales es uno de los primeros pasos que se tendr\u00edan que tomar para fortalecer la respuesta de las instituciones en el tema, confiando que se continuar\u00e1 con estas acciones para poder implementar el programa Spotlight \u201cporque al final de cuentas la vida de la ni\u00f1as y mujeres lo merecen\u201d.<\/p>\n<p style=\"text-align: justify;\">En su turno, el presidente municipal de Chilpancingo, Antonio Gaspar Beltr\u00e1n puntualiz\u00f3 que esta serie de capacitaciones son temas primordiales para quienes est\u00e1n al frente de un cargo p\u00fablico para mejorar el desempe\u00f1o en la atenci\u00f3n que se les da a las mujeres y ni\u00f1as.<\/p>\n<p style=\"text-align: justify;\">En el evento tambi\u00e9n estuvieron el presidente del Tribunal Superior de Justicia, Alberto L\u00f3pez Celis; el fiscal General del Estado, Jorge Zuriel De los Santos Barrila.<\/p>\n","protected":false},"excerpt":{"rendered":"<p>] CHILPANCINGO. * 9 de junio de 2021. ) Gobierno de Guerrero. En el marco de la clausura de la capacitaci\u00f3n en materia de servicios esenciales para mujeres y ni\u00f1as que enfrentan violencia, el gobernador H\u00e9ctor Astudillo Flores enfatiz\u00f3 que la eliminaci\u00f3n de todas formas de violencia contra las mujeres y las ni\u00f1as ser\u00e1 uno&#8230;<\/p>\n","protected":false},"author":2,"featured_media":1229381,"comment_status":"closed","ping_status":"closed","sticky":false,"template":"","format":"standard","meta":{"footnotes":""},"categories":[2019],"tags":[],"class_list":["post-1229375","post","type-post","status-publish","format-standard","has-post-thumbnail","hentry","category-popular-news"],"_links":{"self":[{"href":"https:\/\/www.acapulcopress.com\/index.php\/wp-json\/wp\/v2\/posts\/1229375","targetHints":{"allow":["GET"]}}],"collection":[{"href":"https:\/\/www.acapulcopress.com\/index.php\/wp-json\/wp\/v2\/posts"}],"about":[{"href":"https:\/\/www.acapulcopress.com\/index.php\/wp-json\/wp\/v2\/types\/post"}],"author":[{"embeddable":true,"href":"https:\/\/www.acapulcopress.com\/index.php\/wp-json\/wp\/v2\/users\/2"}],"replies":[{"embeddable":true,"href":"https:\/\/www.acapulcopress.com\/index.php\/wp-json\/wp\/v2\/comments?post=1229375"}],"version-history":[{"count":0,"href":"https:\/\/www.acapulcopress.com\/index.php\/wp-json\/wp\/v2\/posts\/1229375\/revisions"}],"wp:featuredmedia":[{"embeddable":true,"href":"https:\/\/www.acapulcopress.com\/index.php\/wp-json\/"}],"wp:attachment":[{"href":"https:\/\/www.acapulcopress.com\/index.php\/wp-json\/wp\/v2\/media?parent=1229375"}],"wp:term":[{"taxonomy":"category","embeddable":true,"href":"https:\/\/www.acapulcopress.com\/index.php\/wp-json\/wp\/v2\/categories?post=1229375"},{"taxonomy":"post_tag","embeddable":true,"href":"https:\/\/www.acapulcopress.com\/index.php\/wp-json\/wp\/v2\/tags?post=1229375"}],"curies":[{"name":"wp","href":"https:\/\/api.w.org\/{rel}","templated":true}]}}