{"id":1229396,"date":"2021-06-09T20:28:43","date_gmt":"2021-06-10T01:28:43","guid":{"rendered":"https:\/\/www.acapulco.press\/?p=1229396"},"modified":"2021-06-09T20:28:43","modified_gmt":"2021-06-10T01:28:43","slug":"exhorta-salud-a-poblacion-a-aplicarse-segunda-dosis-de-vacuna","status":"publish","type":"post","link":"https:\/\/www.acapulcopress.com\/index.php\/2021\/06\/09\/exhorta-salud-a-poblacion-a-aplicarse-segunda-dosis-de-vacuna\/","title":{"rendered":"Exhorta Salud a poblaci\u00f3n a aplicarse segunda dosis de vacuna"},"content":{"rendered":"<p style=\"text-align: justify;\">] CHILPANCINGO. * 9 de junio de 2021.<br \/>\n<em>) Gobierno de Guerrero.<\/em><\/p>\n<p style=\"text-align: justify;\">El secretario de Salud, Carlos de la Pe\u00f1a Pintos, reiter\u00f3 su llamado a la poblaci\u00f3n para aplicarse la segunda dosis de la vacuna anti Covid para asegurar su efectividad y as\u00ed disminuir el riesgo de contagio y muertes por esta enfermedad.<\/p>\n<p>En la transmisi\u00f3n n\u00famero 401, acompa\u00f1ado del jefe de la Oficina del Ejecutivo, Alejandro Bravo Abarca; del delegado Federal de los Programas Sociales en Guerrero, Iv\u00e1n Hern\u00e1ndez D\u00edaz; as\u00ed como de la directora de Comunicaci\u00f3n Social, Erika L\u00fchrs Cort\u00e9s, el secretario de Salud, Carlos de la Pe\u00f1a Pintos inform\u00f3 que particip\u00f3 en la reuni\u00f3n de la Conferencia Nacional de Gobernadores y el Consejo de Comunicaci\u00f3n referente a la campa\u00f1a Movimiento Social para Promover la vacunaci\u00f3n contra el Covid-19.<\/p>\n<p>Respecto a la evoluci\u00f3n de la pandemia en la entidad, De la Pe\u00f1a Pintos indic\u00f3 que Guerrero acumula 41 mil 366 casos positivos, 4 mil 449 defunciones, 42 nuevos casos en las \u00faltimas 24 horas y 200 casos activos, el promedio de defunciones son dos diarias en lo que va del mes de junio.<\/p>\n<p>Se encuentran hospitalizados 66 pacientes, de estos, 3 permanecen estables, 45 graves y 18 intubados, lo que representa una ocupaci\u00f3n hospitalaria del 11 por ciento.<\/p>\n<p>Tambi\u00e9n descart\u00f3 que en Guerrero se presenten casos de hongo negro, esto de acuerdo a una investigaci\u00f3n realizada por la Jurisdicci\u00f3n Sanitaria de Acapulco, \u00abno hay tal, no tenemos ese registro\u00bb, se\u00f1al\u00f3.<\/p>\n<p>En su turno, el jefe de la Oficina del Ejecutivo Alejandro Bravo Abarca inform\u00f3 que en Zihuatanejo se lleva a cabo la convenci\u00f3n anual de la Asociaci\u00f3n Mexicana de Agencias de Viaje, evento importante para la reactivaci\u00f3n del sector tur\u00edstico.<\/p>\n<p>Tambi\u00e9n pidi\u00f3 a la poblaci\u00f3n seguir las recomendaciones sanitarias como el uso de cubrebocas, gel antibacterial, la sana distancia y acudir a aplicarse la segunda dosis.<\/p>\n<p>\u00abEl hecho de que estemos en Sem\u00e1foro Verde no significa que no nos podamos contagiar, por eso es importante seguir todas las medidas sanitarias\u00bb.<\/p>\n<p>En su intervenci\u00f3n, el delegado Federal de los programas Sociales en Guerrero, Iv\u00e1n Hern\u00e1ndez D\u00edaz coment\u00f3 que este jueves inicia la aplicaci\u00f3n de segunda dosis para 53 mil 200 personas en los municipios de Eduardo Neri, Zitlala, Tixtla, Quechultenango, Mochitl\u00e1n, M\u00e1rtir de Cuilapan, Leonardo Bravo, Juan R. Escudero, General Heliodoro Castillo, Chilpancingo de los Bravo, Chilapa de \u00c1lvarez, Ahuacuotzingo y Jos\u00e9 Joaqu\u00edn De Herrera, San Marcos, San Luis Acatl\u00e1n, Ayutla y Coahuayutla.<\/p>\n<p>Se sum\u00f3 al llamado a la poblaci\u00f3n para que asistan a aplicarse la segunda dosis de la vacuna, \u00abhay que acudir a recibirla, es importante que no se queden con una dosis, tenemos la vacuna, est\u00e1n los puntos de vacunaci\u00f3n y es fundamental que reciban la segunda dosis\u00bb.<\/p>\n<p>Refiri\u00f3 que en caso de contagiarse, si ya recibieron las dos dosis, la posibilidad de fallecer a causa del Covid es del uno por ciento.<\/p>\n","protected":false},"excerpt":{"rendered":"<p>] CHILPANCINGO. * 9 de junio de 2021. ) Gobierno de Guerrero. El secretario de Salud, Carlos de la Pe\u00f1a Pintos, reiter\u00f3 su llamado a la poblaci\u00f3n para aplicarse la segunda dosis de la vacuna anti Covid para asegurar su efectividad y as\u00ed disminuir el riesgo de contagio y muertes por esta enfermedad. En la&#8230;<\/p>\n","protected":false},"author":2,"featured_media":1229397,"comment_status":"closed","ping_status":"closed","sticky":false,"template":"","format":"standard","meta":{"footnotes":""},"categories":[1983,18561],"tags":[5185,6705,16432],"class_list":["post-1229396","post","type-post","status-publish","format-standard","has-post-thumbnail","hentry","category-guerrerogob","category-society-politics","tag-carlos-de-la-pena-pintos","tag-covid19","tag-semaforo-verde"],"_links":{"self":[{"href":"https:\/\/www.acapulcopress.com\/index.php\/wp-json\/wp\/v2\/posts\/1229396","targetHints":{"allow":["GET"]}}],"collection":[{"href":"https:\/\/www.acapulcopress.com\/index.php\/wp-json\/wp\/v2\/posts"}],"about":[{"href":"https:\/\/www.acapulcopress.com\/index.php\/wp-json\/wp\/v2\/types\/post"}],"author":[{"embeddable":true,"href":"https:\/\/www.acapulcopress.com\/index.php\/wp-json\/wp\/v2\/users\/2"}],"replies":[{"embeddable":true,"href":"https:\/\/www.acapulcopress.com\/index.php\/wp-json\/wp\/v2\/comments?post=1229396"}],"version-history":[{"count":0,"href":"https:\/\/www.acapulcopress.com\/index.php\/wp-json\/wp\/v2\/posts\/1229396\/revisions"}],"wp:featuredmedia":[{"embeddable":true,"href":"https:\/\/www.acapulcopress.com\/index.php\/wp-json\/"}],"wp:attachment":[{"href":"https:\/\/www.acapulcopress.com\/index.php\/wp-json\/wp\/v2\/media?parent=1229396"}],"wp:term":[{"taxonomy":"category","embeddable":true,"href":"https:\/\/www.acapulcopress.com\/index.php\/wp-json\/wp\/v2\/categories?post=1229396"},{"taxonomy":"post_tag","embeddable":true,"href":"https:\/\/www.acapulcopress.com\/index.php\/wp-json\/wp\/v2\/tags?post=1229396"}],"curies":[{"name":"wp","href":"https:\/\/api.w.org\/{rel}","templated":true}]}}