{"id":1229456,"date":"2021-06-10T21:26:06","date_gmt":"2021-06-11T02:26:06","guid":{"rendered":"https:\/\/www.acapulco.press\/?p=1229456"},"modified":"2021-06-10T21:26:06","modified_gmt":"2021-06-11T02:26:06","slug":"fge-procesa-y-da-prision-preventiva-a-un-extorsionador-y-un-homicida","status":"publish","type":"post","link":"https:\/\/www.acapulcopress.com\/index.php\/2021\/06\/10\/fge-procesa-y-da-prision-preventiva-a-un-extorsionador-y-un-homicida\/","title":{"rendered":"FGE procesa y da prisi\u00f3n preventiva a un extorsionador y un homicida"},"content":{"rendered":"<p style=\"text-align: justify;\">] CHILPANCINGO. * 10 de junio de 2021.<br \/>\n<em>) <a href=\"https:\/\/fiscaliaguerrero.gob.mx\" target=\"_blank\" rel=\"noopener\">https:\/\/fiscaliaguerrero.gob.mx<\/a>.<\/em><\/p>\n<p style=\"text-align: justify;\"><img loading=\"lazy\" decoding=\"async\" class=\"alignleft size-medium wp-image-1229459\" src=\"https:\/\/www.acapulco.press\/wp-content\/uploads\/2021\/06\/FGE-victor-EXTORSIONADOR-375x375.jpg\" alt=\"\" width=\"375\" height=\"375\" \/>El Ministerio P\u00fablico de Tabares obtuvo vinculaci\u00f3n a proceso en contra de V\u00edctor Guadalupe \u00abN\u00bb, acusado como probable responsable del delito de extorsi\u00f3n agravada.<\/p>\n<p style=\"text-align: justify;\">El d\u00eda 9 de marzo de 2021 personas del sexo masculino se presentaron a un predio portando armas largas para luego prenderle fuego a una de las unidades motrices; previamente el imputado hab\u00eda exigido el pago de una cantidad de dinero para dejar trabajar a la v\u00edctima, hechos en la carpeta judicial CJ-266\/2021.<\/p>\n<p style=\"text-align: justify;\">Con fecha 9 de junio se realiz\u00f3 la continuaci\u00f3n de la audiencia en la que el Juez de Control y Enjuiciamiento Penal dict\u00f3 vinculaci\u00f3n a proceso, otorgando un plazo de tres meses de investigaci\u00f3n complementaria, quedando bajo la medida cautelar de prisi\u00f3n preventiva oficiosa en el Centro de Reinserci\u00f3n Social de Acapulco.<\/p>\n<p><strong>PRISI\u00d3N PREVENTIVA A HOMICIDA<\/strong><\/p>\n<p style=\"text-align: justify;\">En audiencia inicial el Ministerio P\u00fablico obtuvo prisi\u00f3n preventiva oficiosa en contra de Marco Antonio \u00abN\u00bb, acusado como probable responsable del delito de homicidio calificado en agravio de Pedro \u00abN\u00bb, en Iguala de la Independencia.<\/p>\n<p style=\"text-align: justify;\">El imputado es se\u00f1alado de privarlo de la vida realiz\u00e1ndole disparos por arma de fuego, cuando la v\u00edctima se encontraba a bordo de su motocicleta y fue alcanzado en calle Emiliano Zapata, esquina con Venustiano Carranza, de Iguala.<\/p>\n<p style=\"text-align: justify;\">En audiencia inicial el Juez de Control impuso la medida cautelar de prisi\u00f3n preventiva, quedando interno en el Centro de Reinserci\u00f3n Social de Tuxpan, a la espera de la continuaci\u00f3n de la audiencia.<\/p>\n","protected":false},"excerpt":{"rendered":"<p>] CHILPANCINGO. * 10 de junio de 2021. ) https:\/\/fiscaliaguerrero.gob.mx. El Ministerio P\u00fablico de Tabares obtuvo vinculaci\u00f3n a proceso en contra de V\u00edctor Guadalupe \u00abN\u00bb, acusado como probable responsable del delito de extorsi\u00f3n agravada. El d\u00eda 9 de marzo de 2021 personas del sexo masculino se presentaron a un predio portando armas largas para luego&#8230;<\/p>\n","protected":false},"author":2,"featured_media":1229458,"comment_status":"closed","ping_status":"closed","sticky":false,"template":"","format":"standard","meta":{"footnotes":""},"categories":[18561,2005],"tags":[8709,10946,14737],"class_list":["post-1229456","post","type-post","status-publish","format-standard","has-post-thumbnail","hentry","category-society-politics","category-seguridad-y-justicia","tag-fiscalia-general-del-estado-e-guerrero-fgegro","tag-jorge-zuriel-de-los-santos-barrila","tag-policia-ministerial-de-guerrero"],"_links":{"self":[{"href":"https:\/\/www.acapulcopress.com\/index.php\/wp-json\/wp\/v2\/posts\/1229456","targetHints":{"allow":["GET"]}}],"collection":[{"href":"https:\/\/www.acapulcopress.com\/index.php\/wp-json\/wp\/v2\/posts"}],"about":[{"href":"https:\/\/www.acapulcopress.com\/index.php\/wp-json\/wp\/v2\/types\/post"}],"author":[{"embeddable":true,"href":"https:\/\/www.acapulcopress.com\/index.php\/wp-json\/wp\/v2\/users\/2"}],"replies":[{"embeddable":true,"href":"https:\/\/www.acapulcopress.com\/index.php\/wp-json\/wp\/v2\/comments?post=1229456"}],"version-history":[{"count":0,"href":"https:\/\/www.acapulcopress.com\/index.php\/wp-json\/wp\/v2\/posts\/1229456\/revisions"}],"wp:featuredmedia":[{"embeddable":true,"href":"https:\/\/www.acapulcopress.com\/index.php\/wp-json\/"}],"wp:attachment":[{"href":"https:\/\/www.acapulcopress.com\/index.php\/wp-json\/wp\/v2\/media?parent=1229456"}],"wp:term":[{"taxonomy":"category","embeddable":true,"href":"https:\/\/www.acapulcopress.com\/index.php\/wp-json\/wp\/v2\/categories?post=1229456"},{"taxonomy":"post_tag","embeddable":true,"href":"https:\/\/www.acapulcopress.com\/index.php\/wp-json\/wp\/v2\/tags?post=1229456"}],"curies":[{"name":"wp","href":"https:\/\/api.w.org\/{rel}","templated":true}]}}