{"id":1229482,"date":"2021-06-10T22:37:58","date_gmt":"2021-06-11T03:37:58","guid":{"rendered":"https:\/\/www.acapulco.press\/?p=1229482"},"modified":"2021-06-10T22:37:58","modified_gmt":"2021-06-11T03:37:58","slug":"despliegan-seguridad-en-coyuca-de-catalan","status":"publish","type":"post","link":"https:\/\/www.acapulcopress.com\/index.php\/2021\/06\/10\/despliegan-seguridad-en-coyuca-de-catalan\/","title":{"rendered":"Llega seguridad a Coyuca de Catal\u00e1n"},"content":{"rendered":"<p style=\"text-align: justify;\">] CHILPANCINGO. * 10 de junio de 2021.<br \/>\n<em>) Gobierno de Guerrero.<\/em><\/p>\n<p style=\"text-align: justify;\">Personal de la Polic\u00eda del Estado, el Ej\u00e9rcito Mexicano, la Guardia Nacional y la Fiscal\u00eda General del Estado, a partir de este jueves se encuentran desplegados y dando atenci\u00f3n en la comunidad de El Pescado, ubicada en la sierra del Municipio de Coyuca de <img loading=\"lazy\" decoding=\"async\" class=\"alignleft size-medium wp-image-1229487\" src=\"https:\/\/www.acapulco.press\/wp-content\/uploads\/2021\/06\/COYUCA-DE-CATALAN5-375x211.jpg\" alt=\"\" width=\"375\" height=\"211\" \/>Catal\u00e1n, en la regi\u00f3n de la Tierra Caliente.<\/p>\n<p style=\"text-align: justify;\">El Secretario de Seguridad P\u00fablica del Estado, David Portillo Menchaca, inform\u00f3 que al acudir las fuerzas de seguridad a dicha comunidad no se encontraron personas lesionadas o privadas de la vida, tampoco indicios de la incursi\u00f3n de alg\u00fan grupo armado.<\/p>\n<p style=\"text-align: justify;\">Portillo Menchaca, inform\u00f3 que por acuerdo de las autoridades de la Mesa de Coordinaci\u00f3n para la Construcci\u00f3n de la Paz en Guerrero que preside el Gobernador Astudillo Flores, personal militar y polic\u00edaco, arribaron v\u00eda terrestre a la comunidad de El <img loading=\"lazy\" decoding=\"async\" class=\"alignleft size-medium wp-image-1229486\" src=\"https:\/\/www.acapulco.press\/wp-content\/uploads\/2021\/06\/COYUCA-DE-CATALAN4-375x211.jpg\" alt=\"\" width=\"375\" height=\"211\" \/>Pescado, colindante con Guajes de Ayala, Los Ciruelos y Hacienda de Dolores en la sierra del Municipio de Coyuca de Catal\u00e1n.<\/p>\n<p style=\"text-align: justify;\">Es importante se\u00f1alar que en esa zona, y en el resto de las comunidades se\u00f1aladas, sus habitantes est\u00e1n resguardados y no se presenta alg\u00fan riesgo de seguridad, precis\u00f3 Portillo Menchaca.<\/p>\n<p style=\"text-align: justify;\">Agreg\u00f3 que atendiendo las instrucciones del Gobernador H\u00e9ctor Astudillo Flores y las autoridades para la Construcci\u00f3n de la Paz, los elementos de seguridad se mantienen en la zona de la sierra de Coyuca de Catal\u00e1n.<\/p>\n<p style=\"text-align: justify;\">El Secretario de Seguridad P\u00fablica Estatal, reiter\u00f3 que desde ayer mi\u00e9rcoles, personal del Ej\u00e9rcito Mexicano y de la Polic\u00eda Estatal, sobrevolaron las comunidades de El Pescado, Hacienda de Dolores, Guajes de Ayala y Los Ciruelos, sin detectar acciones delincuenciales ni bloqueos de caminos en esas \u00e1reas.<\/p>\n<p style=\"text-align: justify;\"><img loading=\"lazy\" decoding=\"async\" class=\"alignnone wp-image-1229484 size-large\" src=\"https:\/\/www.acapulco.press\/wp-content\/uploads\/2021\/06\/COYUCA-DE-CATALAN2-840x473.jpg\" alt=\"\" width=\"840\" height=\"473\" \/><\/p>\n","protected":false},"excerpt":{"rendered":"<p>] CHILPANCINGO. * 10 de junio de 2021. ) Gobierno de Guerrero. Personal de la Polic\u00eda del Estado, el Ej\u00e9rcito Mexicano, la Guardia Nacional y la Fiscal\u00eda General del Estado, a partir de este jueves se encuentran desplegados y dando atenci\u00f3n en la comunidad de El Pescado, ubicada en la sierra del Municipio de Coyuca&#8230;<\/p>\n","protected":false},"author":2,"featured_media":1229483,"comment_status":"closed","ping_status":"closed","sticky":false,"template":"","format":"standard","meta":{"footnotes":""},"categories":[1972,18574,1997],"tags":[],"class_list":["post-1229482","post","type-post","status-publish","format-standard","has-post-thumbnail","hentry","category-special","category-gobierno-la-foto","category-noticias-destacadas"],"_links":{"self":[{"href":"https:\/\/www.acapulcopress.com\/index.php\/wp-json\/wp\/v2\/posts\/1229482","targetHints":{"allow":["GET"]}}],"collection":[{"href":"https:\/\/www.acapulcopress.com\/index.php\/wp-json\/wp\/v2\/posts"}],"about":[{"href":"https:\/\/www.acapulcopress.com\/index.php\/wp-json\/wp\/v2\/types\/post"}],"author":[{"embeddable":true,"href":"https:\/\/www.acapulcopress.com\/index.php\/wp-json\/wp\/v2\/users\/2"}],"replies":[{"embeddable":true,"href":"https:\/\/www.acapulcopress.com\/index.php\/wp-json\/wp\/v2\/comments?post=1229482"}],"version-history":[{"count":0,"href":"https:\/\/www.acapulcopress.com\/index.php\/wp-json\/wp\/v2\/posts\/1229482\/revisions"}],"wp:featuredmedia":[{"embeddable":true,"href":"https:\/\/www.acapulcopress.com\/index.php\/wp-json\/"}],"wp:attachment":[{"href":"https:\/\/www.acapulcopress.com\/index.php\/wp-json\/wp\/v2\/media?parent=1229482"}],"wp:term":[{"taxonomy":"category","embeddable":true,"href":"https:\/\/www.acapulcopress.com\/index.php\/wp-json\/wp\/v2\/categories?post=1229482"},{"taxonomy":"post_tag","embeddable":true,"href":"https:\/\/www.acapulcopress.com\/index.php\/wp-json\/wp\/v2\/tags?post=1229482"}],"curies":[{"name":"wp","href":"https:\/\/api.w.org\/{rel}","templated":true}]}}