{"id":1229495,"date":"2021-06-10T23:03:28","date_gmt":"2021-06-11T04:03:28","guid":{"rendered":"https:\/\/www.acapulco.press\/?p=1229495"},"modified":"2021-06-10T23:03:28","modified_gmt":"2021-06-11T04:03:28","slug":"aunque-usted-no-lo-crea","status":"publish","type":"post","link":"https:\/\/www.acapulcopress.com\/index.php\/2021\/06\/10\/aunque-usted-no-lo-crea\/","title":{"rendered":"\u00a1Aunque Usted no lo crea!"},"content":{"rendered":"<p style=\"text-align: justify;\"><em>Un Rapid\u00edn<\/em><br \/>\n] Con <strong>\u00c1ngel Irra Carceda<\/strong>.<\/p>\n<p style=\"text-align: justify;\">Que desde sus mesas, los comensales no sal\u00edan de su sorpresa el lunes, en el 100% Natural de Chilpancingo.<\/p>\n<p style=\"text-align: justify;\">Hora de desayuno.<\/p>\n<p style=\"text-align: justify;\">Por la ma\u00f1ana de ese d\u00eda, compartieron mesa dos personajes que, en los hechos, no deb\u00edan hacerlo.<\/p>\n<p style=\"text-align: justify;\">M\u00e1s, porque se supone que es violatorio a la ley.<\/p>\n<p style=\"text-align: justify;\">Uno, el titular de la instancia investigadora (el \u201cinvestigador\u201d, pues), y el otro, el investigado por una presunta violaci\u00f3n sexual.<\/p>\n<p style=\"text-align: justify;\">De ese tama\u00f1o. El \u201cinvestigador\u201d y el investigado juntos. Compartiendo el pan y la sal.<\/p>\n<p style=\"text-align: justify;\">Y ya sabr\u00e1n, el \u201cinvestigador\u201d arropado por no pocos elementos de su seguridad, quienes dirig\u00edan sus miradas para uno y otro lado, incomodando a los dem\u00e1s clientes.<\/p>\n<p style=\"text-align: justify;\">Pero ah\u00ed estaban, juntitos.<\/p>\n<p style=\"text-align: justify;\">\u201cCaray, Angel. En serio, se pasan. Ahora sabemos por qu\u00e9 esa averiguaci\u00f3n por presunta violaci\u00f3n sexual la siguen \u2018perfeccionando\u2019, por qu\u00e9 no la judicializan. Y menos lo har\u00e1n ahora, porque dicen que ya gan\u00f3 la gubernatura\u201d.<\/p>\n<p style=\"text-align: justify;\">La charla fue breve. Mi confidente se despidi\u00f3, pues conductores de otros veh\u00edculos de atr\u00e1s le sonaron el claxon para que avanzara en el suyo.<\/p>\n","protected":false},"excerpt":{"rendered":"<p>Un Rapid\u00edn ] Con \u00c1ngel Irra Carceda. Que desde sus mesas, los comensales no sal\u00edan de su sorpresa el lunes, en el 100% Natural de Chilpancingo. Hora de desayuno. Por la ma\u00f1ana de ese d\u00eda, compartieron mesa dos personajes que, en los hechos, no deb\u00edan hacerlo. M\u00e1s, porque se supone que es violatorio a la&#8230;<\/p>\n","protected":false},"author":2,"featured_media":1229496,"comment_status":"closed","ping_status":"closed","sticky":false,"template":"","format":"standard","meta":{"footnotes":""},"categories":[2071,1991],"tags":[],"class_list":["post-1229495","post","type-post","status-publish","format-standard","has-post-thumbnail","hentry","category-opinion-analisis-columnas","category-libertad-de-expresion"],"_links":{"self":[{"href":"https:\/\/www.acapulcopress.com\/index.php\/wp-json\/wp\/v2\/posts\/1229495","targetHints":{"allow":["GET"]}}],"collection":[{"href":"https:\/\/www.acapulcopress.com\/index.php\/wp-json\/wp\/v2\/posts"}],"about":[{"href":"https:\/\/www.acapulcopress.com\/index.php\/wp-json\/wp\/v2\/types\/post"}],"author":[{"embeddable":true,"href":"https:\/\/www.acapulcopress.com\/index.php\/wp-json\/wp\/v2\/users\/2"}],"replies":[{"embeddable":true,"href":"https:\/\/www.acapulcopress.com\/index.php\/wp-json\/wp\/v2\/comments?post=1229495"}],"version-history":[{"count":0,"href":"https:\/\/www.acapulcopress.com\/index.php\/wp-json\/wp\/v2\/posts\/1229495\/revisions"}],"wp:featuredmedia":[{"embeddable":true,"href":"https:\/\/www.acapulcopress.com\/index.php\/wp-json\/"}],"wp:attachment":[{"href":"https:\/\/www.acapulcopress.com\/index.php\/wp-json\/wp\/v2\/media?parent=1229495"}],"wp:term":[{"taxonomy":"category","embeddable":true,"href":"https:\/\/www.acapulcopress.com\/index.php\/wp-json\/wp\/v2\/categories?post=1229495"},{"taxonomy":"post_tag","embeddable":true,"href":"https:\/\/www.acapulcopress.com\/index.php\/wp-json\/wp\/v2\/tags?post=1229495"}],"curies":[{"name":"wp","href":"https:\/\/api.w.org\/{rel}","templated":true}]}}