{"id":1229502,"date":"2021-06-10T23:15:38","date_gmt":"2021-06-11T04:15:38","guid":{"rendered":"https:\/\/www.acapulco.press\/?p=1229502"},"modified":"2021-06-10T23:15:38","modified_gmt":"2021-06-11T04:15:38","slug":"fin-de-semana-llegara-nuevo-lote-de-vacunas-a-guerrero","status":"publish","type":"post","link":"https:\/\/www.acapulcopress.com\/index.php\/2021\/06\/10\/fin-de-semana-llegara-nuevo-lote-de-vacunas-a-guerrero\/","title":{"rendered":"Fin de semana llegar\u00e1 nuevo lote de vacunas a Guerrero"},"content":{"rendered":"<p style=\"text-align: justify;\">] CHILPANCINGO. * 10 de junio de 2021.<br \/>\n<em>) Gobierno de Guerrero.<\/em><\/p>\n<p style=\"text-align: justify;\">En la transmisi\u00f3n n\u00famero 402 para informar sobre la evoluci\u00f3n de la pandemia del Covid-19 en el estado, funcionarios anunciaron que este fin de semana llegar\u00e1 un nuevo lote de vacunas a la entidad para continuar con el programa de Vacunaci\u00f3n con otros sectores de la poblaci\u00f3n.<\/p>\n<p style=\"text-align: justify;\">En su mensaje en esta transmisi\u00f3n en la que participaron el secretario de Salud, Carlos de la Pe\u00f1a Pintos, el delegado Federal de los programas Sociales en Guerrero, Iv\u00e1n Hern\u00e1ndez D\u00edaz y la directora de Comunicaci\u00f3n Social, Erika L\u00fchrs Cort\u00e9s, el jefe de la Oficina del Ejecutivo, Alejandro Bravo Abarca llam\u00f3 a seguir las recomendaciones y acudir a los centros de Vacunaci\u00f3n a aplicarse la segunda dosis.<\/p>\n<p style=\"text-align: justify;\">En la presentaci\u00f3n de los datos t\u00e9cnicos, el secretario de Salud, Carlos de la Pe\u00f1a Pintos detall\u00f3 que Guerrero acumula 41 mil 385 casos positivos, 4 mil 508 defunciones y 197 casos activos, as\u00ed como 20 nuevos casos en las \u00faltimas 24 horas.<\/p>\n<p style=\"text-align: justify;\">Actualmente la ocupaci\u00f3n hospitalaria es del 10 por ciento con 59 pacientes hospitalizados, 3 estables, 37 graves y 29 intubados, en cuanto a las defunciones se registran 2.1 por d\u00eda en lo que va del mes de junio.<\/p>\n<p style=\"text-align: justify;\">Insisti\u00f3 en el cumplimiento de las medidas sanitarias para evitar contagios de Covid-19.<\/p>\n<p style=\"text-align: justify;\">El delegado Federal de los Programas Sociales en Guerrero, Iv\u00e1n Hern\u00e1ndez D\u00edaz coment\u00f3 que inici\u00f3 la aplicaci\u00f3n de segunda dosis a 53 mil 200 adultos de 50 a 59 a\u00f1os de edad en 17 municipios de las regiones Costa Chica y Centro.<\/p>\n<p style=\"text-align: justify;\">Entre ellos Eduardo Neri, Zitlala, Tixtla, Quechultenango, Mochitl\u00e1n, M\u00e1rtir de Cuilapan, Leonardo Bravo, Juan R. Escudero, General Heliodoro Castillo, Chilpancingo, Chilapa, Ahuacuotzingo, Jos\u00e9 Joaqu\u00edn de Herrera, San Marcos, San Luis Acatl\u00e1n, Ayutla y Coahuayutla.<\/p>\n<p style=\"text-align: justify;\">Insisti\u00f3 en su llamado a la poblaci\u00f3n a acudir a aplicarse la segunda dosis para hacer efectivo el biol\u00f3gico.<br \/>\nRefiri\u00f3 que a las personas de Tecoanapa que fueron vacunadas con Sinovac en el mes de abril, la segunda dosis se les aplicar\u00e1 el pr\u00f3ximo lunes 14 de junio.<\/p>\n<p style=\"text-align: justify;\">Anunci\u00f3 que este fin de semana llegar\u00e1n m\u00e1s vacunas a Guerrero para avanzar con m\u00e1s segmentos de la poblaci\u00f3n, lo que ser\u00e1 anunciado en los pr\u00f3ximos d\u00edas.<\/p>\n","protected":false},"excerpt":{"rendered":"<p>] CHILPANCINGO. * 10 de junio de 2021. ) Gobierno de Guerrero. En la transmisi\u00f3n n\u00famero 402 para informar sobre la evoluci\u00f3n de la pandemia del Covid-19 en el estado, funcionarios anunciaron que este fin de semana llegar\u00e1 un nuevo lote de vacunas a la entidad para continuar con el programa de Vacunaci\u00f3n con otros&#8230;<\/p>\n","protected":false},"author":2,"featured_media":1229503,"comment_status":"closed","ping_status":"closed","sticky":false,"template":"","format":"standard","meta":{"footnotes":""},"categories":[18573,18561],"tags":[5185,6713,8040],"class_list":["post-1229502","post","type-post","status-publish","format-standard","has-post-thumbnail","hentry","category-goverment","category-society-politics","tag-carlos-de-la-pena-pintos","tag-covid19-guerrero","tag-erika-luhrs-cortes"],"_links":{"self":[{"href":"https:\/\/www.acapulcopress.com\/index.php\/wp-json\/wp\/v2\/posts\/1229502","targetHints":{"allow":["GET"]}}],"collection":[{"href":"https:\/\/www.acapulcopress.com\/index.php\/wp-json\/wp\/v2\/posts"}],"about":[{"href":"https:\/\/www.acapulcopress.com\/index.php\/wp-json\/wp\/v2\/types\/post"}],"author":[{"embeddable":true,"href":"https:\/\/www.acapulcopress.com\/index.php\/wp-json\/wp\/v2\/users\/2"}],"replies":[{"embeddable":true,"href":"https:\/\/www.acapulcopress.com\/index.php\/wp-json\/wp\/v2\/comments?post=1229502"}],"version-history":[{"count":0,"href":"https:\/\/www.acapulcopress.com\/index.php\/wp-json\/wp\/v2\/posts\/1229502\/revisions"}],"wp:featuredmedia":[{"embeddable":true,"href":"https:\/\/www.acapulcopress.com\/index.php\/wp-json\/"}],"wp:attachment":[{"href":"https:\/\/www.acapulcopress.com\/index.php\/wp-json\/wp\/v2\/media?parent=1229502"}],"wp:term":[{"taxonomy":"category","embeddable":true,"href":"https:\/\/www.acapulcopress.com\/index.php\/wp-json\/wp\/v2\/categories?post=1229502"},{"taxonomy":"post_tag","embeddable":true,"href":"https:\/\/www.acapulcopress.com\/index.php\/wp-json\/wp\/v2\/tags?post=1229502"}],"curies":[{"name":"wp","href":"https:\/\/api.w.org\/{rel}","templated":true}]}}