{"id":1229510,"date":"2021-06-10T23:34:13","date_gmt":"2021-06-11T04:34:13","guid":{"rendered":"https:\/\/www.acapulco.press\/?p=1229510"},"modified":"2021-06-10T23:34:13","modified_gmt":"2021-06-11T04:34:13","slug":"devela-el-gobernador-monumento-alusivo-a-los-derechos-humanos","status":"publish","type":"post","link":"https:\/\/www.acapulcopress.com\/index.php\/2021\/06\/10\/devela-el-gobernador-monumento-alusivo-a-los-derechos-humanos\/","title":{"rendered":"Devela el gobernador monumento alusivo a los Derechos Humanos"},"content":{"rendered":"<p style=\"text-align: justify;\">] CHILPANCINGO. * 10 de junio de 2021.<br \/>\n) Gobierno de Guerrero.<\/p>\n<p style=\"text-align: justify;\">Al develar la obra llamada \u201cColosal\u201d, creaci\u00f3n de la maestra colombiana Natalia Botero en el marco de la celebraci\u00f3n de los 10 a\u00f1os de la publicaci\u00f3n en el Diario Oficial de la Federaci\u00f3n de la Reforma en materia de Derechos Humanos, el gobernador H\u00e9ctor <img loading=\"lazy\" decoding=\"async\" class=\"alignleft size-medium wp-image-1229511\" src=\"https:\/\/www.acapulco.press\/wp-content\/uploads\/2021\/06\/hAF-DERECHJOS-HUMANOS-375x249.jpg\" alt=\"\" width=\"375\" height=\"249\" \/>Astudillo Flores expres\u00f3 que su gobierno ha atendido en tiempo y forma, todas las recomendaciones de Derechos Humanos.<\/p>\n<p style=\"text-align: justify;\">Al emitir un mensaje alusivo al acto que se llev\u00f3 a cabo en la plaza del bicentenario del Primer Congreso de An\u00e1huac, acompa\u00f1ado de su esposa, la presidenta del DIF Guerrero, Mercedes Calvo, del secretario General de Gobierno, Florencio Salazar Adame, de la presidenta de la Comisi\u00f3n Estatal de Derechos Humanos, Cecilia Narciso Gayt\u00e1n, el ejecutivo guerrerense dijo que con las modificaciones del 10 de junio del a\u00f1o 2011, se avanz\u00f3 en la protecci\u00f3n de los Derechos Humanos, en especial la modificaci\u00f3n del nombre del cap\u00edtulo I del T\u00edtulo <img loading=\"lazy\" decoding=\"async\" class=\"alignleft size-medium wp-image-1229512\" src=\"https:\/\/www.acapulco.press\/wp-content\/uploads\/2021\/06\/hAF-DERECHJOS-HUMANOS2-375x249.jpg\" alt=\"\" width=\"375\" height=\"249\" \/>Primero de la Constituci\u00f3n, denominado Garant\u00edas individuales por el De los Derechos Humanos y sus garant\u00edas, donde adem\u00e1s esta reforma incorpora a la Carta Magna el tema de los Derechos Humanos en la educaci\u00f3n de todos los niveles y los contenidos en los tratados internacionales de Derechos Humanos.<\/p>\n<p style=\"text-align: justify;\">Tambi\u00e9n consagra la obligaci\u00f3n del estado mexicano de promover, respetar, proteger y garantizar los Derechos Humanos e introduce los principios de universalidad, interdependencia, indivisibilidad y progresividad.<\/p>\n<p style=\"text-align: justify;\">Refiri\u00f3 que con el prop\u00f3sito de operar un modelo funcional de atenci\u00f3n a v\u00edctimas que garantice sus derechos de acceso a la verdad, a la justicia y a la reparaci\u00f3n integral, se desplegaron acciones de coordinaci\u00f3n con las instituciones federales responsables.<\/p>\n<p style=\"text-align: justify;\">\u201cLa prevenci\u00f3n, atenci\u00f3n, sanci\u00f3n y erradicaci\u00f3n de la violencia contra las mujeres y ni\u00f1as ha sido tema prioritario de nuestra agenda, hemos atendido en tiempo y forma todas las recomendaciones de Derechos Humanos\u201d.<\/p>\n<p style=\"text-align: justify;\">Puntualiz\u00f3 que con la emisi\u00f3n de la Declaratoria de Alerta de Violencia de G\u00e9nero contra las Mujeres en 2017 y por Agravio Comparado en 2020, se realizaron acciones con el fin de consolidar pol\u00edticas p\u00fablicas para proteger sus derechos.<\/p>\n<p style=\"text-align: justify;\">Destac\u00f3 que en materia de feminicidio el comportamiento muestra que en 2015 nuestra entidad se encontraba en el primer lugar en la escala nacional, pero en el mes de abril de 2021 pasamos al lugar 21, de acuerdo con el Secretariado Ejecutivo del Sistema Nacional de Seguridad P\u00fablica.<\/p>\n<p style=\"text-align: justify;\">Tambi\u00e9n reiter\u00f3 a la presidenta de la Comisi\u00f3n de Derechos Humanos del Estado, Cecilia Narciso Gayt\u00e1n, su respeto y absoluta colaboraci\u00f3n para que logre los nobles fines de la instituci\u00f3n a su cargo.<\/p>\n<p style=\"text-align: justify;\">En su intervenci\u00f3n, la presidenta de la Comisi\u00f3n de Derechos Humanos del Estado de Guerrero, Cecilia Narciso Gayt\u00e1n refiri\u00f3 que la reforma de hace 10 a\u00f1os mayor trascendencia porque optimiza el goce y ejercicio de los derechos humanos.<\/p>\n<p style=\"text-align: justify;\">\u201cEste monumento representa la oportunidad de mostrar al pa\u00eds y al mundo que en Guerrero somos garantes de los derechos humanos, evitando sus trasgresiones\u201d.<\/p>\n<p style=\"text-align: justify;\">A su vez, el presidente municipal de Chilpancingo, Antonio Gaspar Beltr\u00e1n agreg\u00f3 que esta obra viene a dejar huella de la importancia de la lucha por el respeto a los derechos humanos que es parte de la agenda diaria del gobernador H\u00e9ctor Astudillo Flores.<\/p>\n<p style=\"text-align: justify;\">En este evento tambi\u00e9n estuvieron la presidenta de la Mesa Directiva del Congreso Local, Eunice Monz\u00f3n Garc\u00eda; el presidente del Tribunal Superior de Justicia, Alberto L\u00f3pez Celis; el secretario de Finanzas y Administraci\u00f3n, Tulio Samuel P\u00e9rez Calvo; el comandante del Sexto Batall\u00f3n de Ingenieros de Combate, Hugo L\u00f3pez Maldonado.<\/p>\n","protected":false},"excerpt":{"rendered":"<p>] CHILPANCINGO. * 10 de junio de 2021. ) Gobierno de Guerrero. Al develar la obra llamada \u201cColosal\u201d, creaci\u00f3n de la maestra colombiana Natalia Botero en el marco de la celebraci\u00f3n de los 10 a\u00f1os de la publicaci\u00f3n en el Diario Oficial de la Federaci\u00f3n de la Reforma en materia de Derechos Humanos, el gobernador&#8230;<\/p>\n","protected":false},"author":2,"featured_media":1229513,"comment_status":"closed","ping_status":"closed","sticky":false,"template":"","format":"standard","meta":{"footnotes":""},"categories":[1983,18561],"tags":[],"class_list":["post-1229510","post","type-post","status-publish","format-standard","has-post-thumbnail","hentry","category-guerrerogob","category-society-politics"],"_links":{"self":[{"href":"https:\/\/www.acapulcopress.com\/index.php\/wp-json\/wp\/v2\/posts\/1229510","targetHints":{"allow":["GET"]}}],"collection":[{"href":"https:\/\/www.acapulcopress.com\/index.php\/wp-json\/wp\/v2\/posts"}],"about":[{"href":"https:\/\/www.acapulcopress.com\/index.php\/wp-json\/wp\/v2\/types\/post"}],"author":[{"embeddable":true,"href":"https:\/\/www.acapulcopress.com\/index.php\/wp-json\/wp\/v2\/users\/2"}],"replies":[{"embeddable":true,"href":"https:\/\/www.acapulcopress.com\/index.php\/wp-json\/wp\/v2\/comments?post=1229510"}],"version-history":[{"count":0,"href":"https:\/\/www.acapulcopress.com\/index.php\/wp-json\/wp\/v2\/posts\/1229510\/revisions"}],"wp:featuredmedia":[{"embeddable":true,"href":"https:\/\/www.acapulcopress.com\/index.php\/wp-json\/"}],"wp:attachment":[{"href":"https:\/\/www.acapulcopress.com\/index.php\/wp-json\/wp\/v2\/media?parent=1229510"}],"wp:term":[{"taxonomy":"category","embeddable":true,"href":"https:\/\/www.acapulcopress.com\/index.php\/wp-json\/wp\/v2\/categories?post=1229510"},{"taxonomy":"post_tag","embeddable":true,"href":"https:\/\/www.acapulcopress.com\/index.php\/wp-json\/wp\/v2\/tags?post=1229510"}],"curies":[{"name":"wp","href":"https:\/\/api.w.org\/{rel}","templated":true}]}}