{"id":1229547,"date":"2021-06-11T19:28:57","date_gmt":"2021-06-12T00:28:57","guid":{"rendered":"https:\/\/www.acapulco.press\/?p=1229547"},"modified":"2021-06-11T19:28:57","modified_gmt":"2021-06-12T00:28:57","slug":"seguiran-lluvias-por-desarrollo-ciclonico-de-baja-presion-en-el-pacifico","status":"publish","type":"post","link":"https:\/\/www.acapulcopress.com\/index.php\/2021\/06\/11\/seguiran-lluvias-por-desarrollo-ciclonico-de-baja-presion-en-el-pacifico\/","title":{"rendered":"Seguir\u00e1n lluvias por desarrollo cicl\u00f3nico de baja presi\u00f3n en el Pac\u00edfico"},"content":{"rendered":"<p style=\"text-align: justify;\">] ACAPULCO. * 11 de junio de 2021.<br \/>\n<em>) Gobierno de Acapulco<\/em>.<\/p>\n<p style=\"text-align: justify;\">Un canal de baja presi\u00f3n con 40 por ciento de probabilidad para desarrollo cicl\u00f3nico en las pr\u00f3ximas 48 horas, ubicada la tarde de este viernes a 226 kil\u00f3metros al suroeste de Puerto Escondido, estado de Oaxaca, generar\u00e1 lluvias en gran parte de territorio <img loading=\"lazy\" decoding=\"async\" class=\"alignleft size-medium wp-image-1229551\" src=\"https:\/\/www.acapulco.press\/wp-content\/uploads\/2021\/06\/CLIMA-ACAPULCO2-375x302.jpeg\" alt=\"\" width=\"375\" height=\"302\" \/>guerrerense en el trascurso de la noche y madrugada del s\u00e1bado.<\/p>\n<p style=\"text-align: justify;\">El coordinador de Protecci\u00f3n Civil y Bomberos de Acapulco, Cuauht\u00e9moc Gayosso P\u00e9rez, recomend\u00f3 a la poblaci\u00f3n extremar precauci\u00f3n ante las precipitaciones pluviales que ser\u00e1n de fuertes a intensas, tras informar que la tormenta registrada anoche ocasion\u00f3 la ca\u00edda de cuatro \u00e1rboles y da\u00f1os menores por inundaciones, arrastres de basura, tierra y lodo.<\/p>\n<p style=\"text-align: justify;\">El funcionario indic\u00f3 que dos viviendas resultaron inundadas por las corrientes de agua de la lluvia; una casa en la comunidad de Paso Texca y un departamento en el Infonavit Alta Progreso, cuyos moradores evacuaron las propiedades, registr\u00e1ndose \u00fanicamente p\u00e9rdidas materiales.<\/p>\n<p style=\"text-align: justify;\">Gayosso P\u00e9rez dijo que la alcaldesa Adela Rom\u00e1n Ocampo permanece atenta a las condiciones clim\u00e1ticas, y ha instruido que todo el personal municipal que conforma el Consejo de Protecci\u00f3n Civil permanezca atento para auxiliar a la poblaci\u00f3n que pudiera estar en riesgo a consecuencia de las precipitaciones pluviales.<\/p>\n<p style=\"text-align: justify;\">Exhort\u00f3 el funcionario a los habitantes de Acapulco para que permanezcan atentos a los avisos que se emitan a trav\u00e9s de canales oficiales y medios de comunicaci\u00f3n, debido a que el sistema se mueve paralelo a las costas y en las siguientes horas estar\u00e1 frente a Guerrero; record\u00f3 a su vez la necesidad de que las familias adopten un plan de protecci\u00f3n civil para evitar riesgos.<\/p>\n<p style=\"text-align: justify;\">Es importante \u2014dijo\u2014 que la poblaci\u00f3n contribuya aplicando medidas para la autoprotecci\u00f3n, que limpien las azoteas de sus casas, eviten que haya basura en rejillas y coladeras, que mantengan sus documentos personales protegidos en bolsas de pl\u00e1stico y que cuenten con radios y pilas suficientes para mantenerse informados en caso de un apag\u00f3n de energ\u00eda el\u00e9ctrica.<\/p>\n<p style=\"text-align: justify;\">Tambi\u00e9n recomend\u00f3 a la poblaci\u00f3n que eviten cruzar por vados, r\u00edos y canales pluviales para evitar ser arrastrados, cuando las precipitaciones sean intensas o torrenciales, y en caso que haya deslaves o inundaciones, que las familias se trasladen a los refugios temporales establecidos m\u00e1s pr\u00f3ximos a su lugar de residencia.<\/p>\n<p style=\"text-align: justify;\">El Gobierno de Acapulco pone a disposici\u00f3n de la poblaci\u00f3n el n\u00famero de emergencias 072 y la l\u00ednea telef\u00f3nica de Protecci\u00f3n Civil 744 4407031, donde los ciudadanos ser\u00e1n atendidos a cualquier hora para la atenci\u00f3n de dudas o solicitar ayuda.<\/p>\n<p><iframe loading=\"lazy\" title=\"11, 12 y 13 de junio de 2021 Pron\u00f3stico del Tiempo\" width=\"1160\" height=\"653\" src=\"https:\/\/www.youtube.com\/embed\/oc14aCmT98Q?feature=oembed\" frameborder=\"0\" allow=\"accelerometer; autoplay; clipboard-write; encrypted-media; gyroscope; picture-in-picture; web-share\" referrerpolicy=\"strict-origin-when-cross-origin\" allowfullscreen><\/iframe><\/p>\n","protected":false},"excerpt":{"rendered":"<p>] ACAPULCO. * 11 de junio de 2021. ) Gobierno de Acapulco. Un canal de baja presi\u00f3n con 40 por ciento de probabilidad para desarrollo cicl\u00f3nico en las pr\u00f3ximas 48 horas, ubicada la tarde de este viernes a 226 kil\u00f3metros al suroeste de Puerto Escondido, estado de Oaxaca, generar\u00e1 lluvias en gran parte de territorio&#8230;<\/p>\n","protected":false},"author":2,"featured_media":1229550,"comment_status":"closed","ping_status":"closed","sticky":false,"template":"","format":"standard","meta":{"footnotes":""},"categories":[1972],"tags":[7118,8147],"class_list":["post-1229547","post","type-post","status-publish","format-standard","has-post-thumbnail","hentry","category-special","tag-desarrollo-ciclonico-pacifico","tag-estado-del-tiempo"],"_links":{"self":[{"href":"https:\/\/www.acapulcopress.com\/index.php\/wp-json\/wp\/v2\/posts\/1229547","targetHints":{"allow":["GET"]}}],"collection":[{"href":"https:\/\/www.acapulcopress.com\/index.php\/wp-json\/wp\/v2\/posts"}],"about":[{"href":"https:\/\/www.acapulcopress.com\/index.php\/wp-json\/wp\/v2\/types\/post"}],"author":[{"embeddable":true,"href":"https:\/\/www.acapulcopress.com\/index.php\/wp-json\/wp\/v2\/users\/2"}],"replies":[{"embeddable":true,"href":"https:\/\/www.acapulcopress.com\/index.php\/wp-json\/wp\/v2\/comments?post=1229547"}],"version-history":[{"count":0,"href":"https:\/\/www.acapulcopress.com\/index.php\/wp-json\/wp\/v2\/posts\/1229547\/revisions"}],"wp:featuredmedia":[{"embeddable":true,"href":"https:\/\/www.acapulcopress.com\/index.php\/wp-json\/"}],"wp:attachment":[{"href":"https:\/\/www.acapulcopress.com\/index.php\/wp-json\/wp\/v2\/media?parent=1229547"}],"wp:term":[{"taxonomy":"category","embeddable":true,"href":"https:\/\/www.acapulcopress.com\/index.php\/wp-json\/wp\/v2\/categories?post=1229547"},{"taxonomy":"post_tag","embeddable":true,"href":"https:\/\/www.acapulcopress.com\/index.php\/wp-json\/wp\/v2\/tags?post=1229547"}],"curies":[{"name":"wp","href":"https:\/\/api.w.org\/{rel}","templated":true}]}}