{"id":1229556,"date":"2021-06-11T20:04:19","date_gmt":"2021-06-12T01:04:19","guid":{"rendered":"https:\/\/www.acapulco.press\/?p=1229556"},"modified":"2021-06-11T20:04:19","modified_gmt":"2021-06-12T01:04:19","slug":"ejercito-y-policia-estatal-mantienen-vigilancia-aerea-y-terrestre-en-coyuca-de-catalan","status":"publish","type":"post","link":"https:\/\/www.acapulcopress.com\/index.php\/2021\/06\/11\/ejercito-y-policia-estatal-mantienen-vigilancia-aerea-y-terrestre-en-coyuca-de-catalan\/","title":{"rendered":"Ej\u00e9rcito y Polic\u00eda Estatal mantienen vigilancia a\u00e9rea y terrestre en Coyuca de Catal\u00e1n"},"content":{"rendered":"<p style=\"text-align: justify;\">] CHILPANCINGO\/ACAPULCO. * 11 de junio de 2021.<br \/>\n<em>) Gobierno de Guerrero.<\/em><\/p>\n<p style=\"text-align: justify;\">En seguimiento al acuerdo y compromiso que hicieron las autoridades de la Mesa de Coordinaci\u00f3n para la Construcci\u00f3n de la Paz <img loading=\"lazy\" decoding=\"async\" class=\"alignleft size-medium wp-image-1229563\" src=\"https:\/\/www.acapulco.press\/wp-content\/uploads\/2021\/06\/vigilancia-coyuca-catalan7-375x211.jpg\" alt=\"\" width=\"375\" height=\"211\" \/>en Guerrero que preside el gobernador, H\u00e9ctor Astudillo Flores, el Secretario de Seguridad P\u00fablica Estatal, David Portillo Menchaca, junto con personal del Ej\u00e9rcito Mexicano, Guardia Nacional, Secretar\u00eda de Salud y de la Secretar\u00eda General de Gobierno realizaron sobrevuelos de reconocimiento y recorridos pie tierra en comunidades del municipio de Coyuca de Catal\u00e1n, en la regi\u00f3n de Tierra Caliente.<\/p>\n<p>Portillo Menchaca inform\u00f3 que personal de la Polic\u00eda Estatal, la Secretar\u00eda de la Defensa Nacional y Guardia Nacional <img loading=\"lazy\" decoding=\"async\" class=\"alignleft size-medium wp-image-1229562\" src=\"https:\/\/www.acapulco.press\/wp-content\/uploads\/2021\/06\/vigilancia-coyuca-catalan6-375x211.jpg\" alt=\"\" width=\"375\" height=\"211\" \/>permanecer\u00e1n en el \u00e1rea para resguardar a las comunidades que solicitaron seguridad, entre ellas a los habitantes de El Pescado.<br \/>\n\u201cEs importante se\u00f1alar que la presencia de las instituciones en la sierra del municipio de Coyuca de Catal\u00e1n ser\u00e1 permanente\u201d, indic\u00f3 el titular de la SSP Guerrero, quien di\u00e1logo con los pobladores.<\/p>\n<p>Durante la visita a la comunidad de El Pescado, las autoridades entregaron apoyo alimentario que se llev\u00f3 v\u00eda a\u00e9rea, adem\u00e1s se inici\u00f3 con atenci\u00f3n psicol\u00f3gica a los habitantes.<\/p>\n<p>El Gobierno de Guerrero, en coordinaci\u00f3n con autoridades civiles y militares, reitera su compromiso de salvaguardar la integridad de hombres y mujeres de esas localidades.<\/p>\n<p style=\"text-align: justify;\">GOBERNADOR Y AUTORIDADES POLIC\u00cdACAS EVAL\u00daAN OPERTAIVOS EN COYUCA DE CATL\u00c1N<\/p>\n<p>En Acapulco, el gobernador H\u00e9ctor Astudillo Flores y las autoridades de la Mesa de Coordinaci\u00f3n para la Construcci\u00f3n de la Paz en Guerrero, evaluaron el despliegue de seguridad que se implement\u00f3 en comunidades de Coyuca de Catal\u00e1n y acordaron <img loading=\"lazy\" decoding=\"async\" class=\"alignleft size-medium wp-image-1229561\" src=\"https:\/\/www.acapulco.press\/wp-content\/uploads\/2021\/06\/vigilancia-coyuca-catalan5-375x211.jpg\" alt=\"\" width=\"375\" height=\"211\" \/>fortalecer acciones en el estado para continuar reduciendo los \u00edndices delictivos.<\/p>\n<p>Reunidos de forma virtual, las autoridades dieron seguimiento a la atenci\u00f3n que se le brinda a la poblaci\u00f3n de El Pescado, Guajes de Ayala, Los Ciruelos y Hacienda de Dolores en la sierra del municipio de Coyuca de Catal\u00e1n.<\/p>\n<p>El comandante de la 35 zona Militar, Miguel \u00c1ngel Aguirre Lara, inform\u00f3 que este jueves arrib\u00f3 el personal Militar, Polic\u00eda <img loading=\"lazy\" decoding=\"async\" class=\"alignleft size-medium wp-image-1229564\" src=\"https:\/\/www.acapulco.press\/wp-content\/uploads\/2021\/06\/vigilancia-coyuca-catalan8-375x281.jpg\" alt=\"\" width=\"375\" height=\"281\" \/>Ministerial, Guardia Nacional y de la Polic\u00eda Estatal a la localidad de El Pescado en Coyuca de Catal\u00e1n, v\u00eda terrestre con acciones de seguridad y para atender las denuncias de las personas de esa comunidad.<\/p>\n<p>El secretario de Seguridad P\u00fablica del estado, David Portillo Menchaca, inform\u00f3 que al acudir las fuerzas de seguridad a El Pescado, no se encontraron personas lesionadas o privadas de la vida, tampoco indicios de la incursi\u00f3n de alg\u00fan grupo armado .<br \/>\nPrecis\u00f3 que desde el mi\u00e9rcoles, personal del Ej\u00e9rcito Mexicano y de la Polic\u00eda Estatal, sobrevolaron las comunidades de El Pescado, Hacienda de Dolores, Guajes de Ayala y Los Ciruelos, sin detectar acciones delincuenciales ni bloqueos de caminos en esas \u00e1reas.<br \/>\n<img loading=\"lazy\" decoding=\"async\" class=\"alignleft size-medium wp-image-1229559\" src=\"https:\/\/www.acapulco.press\/wp-content\/uploads\/2021\/06\/vigilancia-coyuca-catalan3-375x281.jpg\" alt=\"\" width=\"375\" height=\"281\" \/>Asimismo, inform\u00f3 de las incidencias delictivas registradas durante las \u00faltimas 24 horas y precis\u00f3 que municipios prioritarios como Taxco mantienen una baja del 30 por ciento en materia de homicidios dolosos, Zihuatanejo con 52 por ciento menos y Chilpancingo con 49 por ciento en reducci\u00f3n de esa actividad delictiva, mientras que se brinda atenci\u00f3n especial a los municipios de Iguala y Acapulco.<\/p>\n<p>Por su parte, el secretario de Protecci\u00f3n Civil, Marco C\u00e9sar Mayares Salvador, inform\u00f3 que se registraron lluvias de moderadas a fuertes en la mayor parte del territorio estatal, con da\u00f1os en techos en el municipio de Coahuayutla y un \u00e1rbol ca\u00eddo en Acapulco.<br \/>\nExplic\u00f3 que se registra una formaci\u00f3n de una zona de baja presi\u00f3n frente al estado de Oaxaca con los l\u00edmites de Guerrero que generar\u00e1 lluvias en las costas, zona Centro y Monta\u00f1a por lo que se envi\u00f3 un alertamiento a los 81 municipios para que informen a su poblaci\u00f3n ya que se esperan lluvias m\u00e1s intensas el d\u00eda domingo y lunes en la mayor parte del territorio estatal.<\/p>\n<p>Estuvieron presentes el secretario General de Gobierno, Florencio Salazar Adame; el comandante de la Octava Regi\u00f3n Naval, Julio C\u00e9sar Pescina \u00c1vila; el jefe de Estado Mayor de la Novena Regi\u00f3n Militar, Ulises Ordu\u00f1a Campos; el coordinador estatal de la Guardia Nacional, Lucio Vergara G\u00f3mez.<\/p>\n<p>El comandante de la 27 Zona Militar, Federico San Juan Rosales; el delegado de la FGR, Fernando Garc\u00eda Fern\u00e1ndez; el representante del Centro Nacional de Inteligencia, Juan Gabriel Sosa Pintos; el presidente de Coparmex, Joel Moreno Temelo; el subsecretario de Asuntos Pol\u00edticos, Mart\u00edn Maldonado del Moral; el subsecretario de Asuntos Pol\u00edticos, Mart\u00edn Maldonado del Moral, entre otros funcionarios estatales y federales.<\/p>\n","protected":false},"excerpt":{"rendered":"<p>] CHILPANCINGO\/ACAPULCO. * 11 de junio de 2021. ) Gobierno de Guerrero. En seguimiento al acuerdo y compromiso que hicieron las autoridades de la Mesa de Coordinaci\u00f3n para la Construcci\u00f3n de la Paz en Guerrero que preside el gobernador, H\u00e9ctor Astudillo Flores, el Secretario de Seguridad P\u00fablica Estatal, David Portillo Menchaca, junto con personal del&#8230;<\/p>\n","protected":false},"author":2,"featured_media":1229560,"comment_status":"closed","ping_status":"closed","sticky":false,"template":"","format":"standard","meta":{"footnotes":""},"categories":[1972],"tags":[6725,9302,9532,9705,12964,14720,16205],"class_list":["post-1229556","post","type-post","status-publish","format-standard","has-post-thumbnail","hentry","category-special","tag-coyuca-de-catalan","tag-gobierno-de-guerrero","tag-guardia-nacional","tag-hector-astudillo-flores","tag-mesa-de-coordinacion-para-la-construccion-de-la-paz","tag-policia-estatal-de-guerrero","tag-secretaria-de-la-defensa-nacional"],"_links":{"self":[{"href":"https:\/\/www.acapulcopress.com\/index.php\/wp-json\/wp\/v2\/posts\/1229556","targetHints":{"allow":["GET"]}}],"collection":[{"href":"https:\/\/www.acapulcopress.com\/index.php\/wp-json\/wp\/v2\/posts"}],"about":[{"href":"https:\/\/www.acapulcopress.com\/index.php\/wp-json\/wp\/v2\/types\/post"}],"author":[{"embeddable":true,"href":"https:\/\/www.acapulcopress.com\/index.php\/wp-json\/wp\/v2\/users\/2"}],"replies":[{"embeddable":true,"href":"https:\/\/www.acapulcopress.com\/index.php\/wp-json\/wp\/v2\/comments?post=1229556"}],"version-history":[{"count":0,"href":"https:\/\/www.acapulcopress.com\/index.php\/wp-json\/wp\/v2\/posts\/1229556\/revisions"}],"wp:featuredmedia":[{"embeddable":true,"href":"https:\/\/www.acapulcopress.com\/index.php\/wp-json\/"}],"wp:attachment":[{"href":"https:\/\/www.acapulcopress.com\/index.php\/wp-json\/wp\/v2\/media?parent=1229556"}],"wp:term":[{"taxonomy":"category","embeddable":true,"href":"https:\/\/www.acapulcopress.com\/index.php\/wp-json\/wp\/v2\/categories?post=1229556"},{"taxonomy":"post_tag","embeddable":true,"href":"https:\/\/www.acapulcopress.com\/index.php\/wp-json\/wp\/v2\/tags?post=1229556"}],"curies":[{"name":"wp","href":"https:\/\/api.w.org\/{rel}","templated":true}]}}