{"id":1229573,"date":"2021-06-11T21:10:44","date_gmt":"2021-06-12T02:10:44","guid":{"rendered":"https:\/\/www.acapulco.press\/?p=1229573"},"modified":"2021-06-11T21:10:44","modified_gmt":"2021-06-12T02:10:44","slug":"pide-lopez-resolver-diferencias-electorales-por-la-via-legal-y-pacifica","status":"publish","type":"post","link":"https:\/\/www.acapulcopress.com\/index.php\/2021\/06\/11\/pide-lopez-resolver-diferencias-electorales-por-la-via-legal-y-pacifica\/","title":{"rendered":"Pide L\u00f3pez resolver diferencias electorales por la v\u00eda legal y pac\u00edfica"},"content":{"rendered":"<p style=\"text-align: justify;\">] CRUZ GRANDE. * 11 de junio de 2021.<br \/>\n<em>) Gobierno de Guerrero.<\/em><\/p>\n<p style=\"text-align: justify;\">El gobernador H\u00e9ctor Astudillo Flores, dio la bienvenida al presidente Andr\u00e9s Manuel L\u00f3pez Obrador donde expres\u00f3 que Guerrero transita en paz y gobernabilidad despu\u00e9s del proceso electoral del 06 de junio, mientras que el Ejecutivo Federal reconoci\u00f3 que el proceso electoral en Guerrero transit\u00f3 sin incidentes y a\u00f1adi\u00f3 que en lo que resta el Gobierno de Astudillo, \u00abvamos a seguir <img loading=\"lazy\" decoding=\"async\" class=\"alignleft size-medium wp-image-1229579\" src=\"https:\/\/www.acapulco.press\/wp-content\/uploads\/2021\/06\/haf-amlo3-375x250.jpg\" alt=\"\" width=\"375\" height=\"250\" \/>manteniendo muy buenas relaciones por el bien de Guerrero y por el bien de M\u00e9xico\u00bb.<\/p>\n<p style=\"text-align: justify;\">\u00abQuiero felicitar al pueblo de Guerrero por el comportamiento ejemplar en las pasadas elecciones, desde luego hubieron algunas irregularidades pero fue la excepci\u00f3n no la norma, hay un dato importante que ha transmitido el gobernador durante la campa\u00f1a y el d\u00eda de la elecci\u00f3n afortunadamente no perdi\u00f3 la vida ning\u00fan candidato\u00bb, resalt\u00f3 el Presidente L\u00f3pez Obrador.<\/p>\n<p style=\"text-align: justify;\">\u00abAgradezco la colaboraci\u00f3n y apoyo siempre del Gobernador H\u00e9ctor no hemos tenido diferencias, ni pleitos, nos hemos llevado <img loading=\"lazy\" decoding=\"async\" class=\"alignleft size-medium wp-image-1229574\" src=\"https:\/\/www.acapulco.press\/wp-content\/uploads\/2021\/06\/haf-amlo-375x250.jpg\" alt=\"\" width=\"375\" height=\"250\" \/>bien y el tiempo que le resta en el cumplimento de su desempe\u00f1o como gobernador vamos a seguir manteniendo muy buenas relaciones por el bien de Guerrero y por el bien de M\u00e9xico\u00bb, expres\u00f3 L\u00f3pez Obrador.<\/p>\n<p style=\"text-align: justify;\">H\u00e9ctor Astudillo, al dirigirse al Presidente L\u00f3pez Obrador, se\u00f1al\u00f3, \u00abllega usted a Guerrero, despu\u00e9s del tiempo del d\u00eda de las elecciones, a un estado que con sus problemas, est\u00e1 en paz, hay armon\u00eda social y aspiramos todos los guerrerenses, empezando por el gobernador, a caminar en esa ruta de armon\u00eda y paz social\u00bb.<\/p>\n<p style=\"text-align: justify;\">El gobernador Astudillo, llam\u00f3 a todos los actores pol\u00edticos recientes y vigentes, \u00aba pensar en Guerrero y a apostar en favor, por el bien de los guerrerenses\u00bb y agreg\u00f3, \u00aba nadie le conviene, conociendo la historia de Guerrero, un Guerrero confrontado, un Guerrero dividido o un Guerrero que ser\u00eda lo m\u00e1s grave, colocarlo en la ruta de la inestabilidad pol\u00edtica y social. Un servidor en mi car\u00e1cter de gobernador, soy el m\u00e1s interesado en que todo camine por las rutas legales y por la armon\u00eda y paz social\u00bb.<\/p>\n<p style=\"text-align: justify;\">Astudillo Flores, inform\u00f3 ante el Presidente L\u00f3pez Obrador del avance en la vacunaci\u00f3n en Guerrero en estrecha coordinaci\u00f3n con el gobierno federal, logrando el sem\u00e1foro epidemiol\u00f3gico verde, mientras que entre enero y febrero se registraron 25 defunciones por d\u00eda, en los primeros d\u00edas del mes de junio, el promedio de defunciones en Guerrero descendi\u00f3 1.2 casos por d\u00eda defunciones por d\u00eda en pacientes por COVID-19.<\/p>\n<p style=\"text-align: justify;\">En este tema, el Presidente L\u00f3pez Obrador, reconoci\u00f3, \u00abes fuerte, doloroso pero tambi\u00e9n revelador el dato que dio el gobernador H\u00e9ctor Astudillo Flores, de c\u00f3mo ha disminuido el n\u00famero de fallecidos diarios en la entidad\u00bb y mencion\u00f3 el avance del Programa Estatal de Vacunaci\u00f3n contra el COVID-19 en Guerrero.<\/p>\n<p style=\"text-align: justify;\">Astudillo Flores, inform\u00f3 al Presidente L\u00f3pez Obrador, que en los pr\u00f3ximos d\u00edas en Guerrero se instalar\u00e1 un gran grupo de coordinaci\u00f3n que le hemos llamado \u00abEl Gran Acuerdo para el Regreso a Clases\u00bb, para que entre todos, en un trabajo de coordinaci\u00f3n, construir de manera ordenada y con acuerdos, el regreso a clases, el \u00faltimo d\u00eda de agosto.<\/p>\n<p style=\"text-align: justify;\">Agreg\u00f3 que, como gobierno del estado se han realizado los trabajos para asfaltar los accesos a las primeras Universidades \u00abBenito Ju\u00e1rez\u00bb, con un avance del 70 por ciento en Atoyac y 30 por ciento en Tierra Colorada, estimando concluir en un par de meses.<\/p>\n<p style=\"text-align: justify;\">\u00abQuiero tambi\u00e9n decirle Se\u00f1or Presidente, que estamos pendientes del estado y estamos pendientes por supuesto, de todos los acontecimientos de las siete regiones de esa tierra que usted aprecia. Le reitero en mi car\u00e1cter de Gobernador a usted y a todos equipo la m\u00e1s cordial bienvenida a Guerrero\u00bb, expres\u00f3 Astudillo Flores.<\/p>\n<p style=\"text-align: justify;\"><img loading=\"lazy\" decoding=\"async\" class=\"alignleft size-medium wp-image-1229575\" src=\"https:\/\/www.acapulco.press\/wp-content\/uploads\/2021\/06\/haf-amlo_pena-375x281.jpg\" alt=\"\" width=\"375\" height=\"281\" \/>El Gobernador H\u00e9ctor Astudillo Flores y el Presidente de la Rep\u00fablica, Andr\u00e9s Manuel L\u00f3pez Obrador, evaluaron los avances de los programas Bienestar en Guerrero en el rubro educativo, pensi\u00f3n para adultos mayores y en materia de comunicaciones y transportes como la ampliaci\u00f3n de la carretera federal San Marcos &#8211; Pinotepa Nacional que quedar\u00e1 concluida en el 2023.<\/p>\n<p style=\"text-align: justify;\">Antes de llegar al evento con el Presidente la Rep\u00fablica, el Gobernador H\u00e9ctor Astudillo Flores, supervis\u00f3 junto al Secretario de Salud Estatal, Carlos de la Pe\u00f1a Pintos, el avance de la obra para convertir el Centro de Salud de Cruz Grande en Hospital como lo hab\u00eda ofrecido a la poblaci\u00f3n en la pasada visita del Ejecutivo Federal en la Costa Chica.<\/p>\n<p style=\"text-align: justify;\"><img loading=\"lazy\" decoding=\"async\" class=\"alignleft size-medium wp-image-1229577\" src=\"https:\/\/www.acapulco.press\/wp-content\/uploads\/2021\/06\/haf-amlo_pena3-375x281.jpg\" alt=\"\" width=\"375\" height=\"281\" \/>Estuvieron presentes el Subsecretario de Comunicaciones y Transportes, Jorge Nu\u00f1o Lara, el Secretario de Bienestar, Javier May Rodr\u00edguez, la Subsecretaria de Desarrollo Social y Humano, Ariadna Montiel Reyes, el Director del Instituto Nacional de los Pueblos Ind\u00edgenas, Adelfo Regino Montes.<\/p>\n<p style=\"text-align: justify;\">As\u00ed como el Coordinador General de Programas Integrales de Desarrollo, Gabriel Garc\u00eda Hern\u00e1ndez y Abraham Vargas Piceno, Coordinador Nacional del Programa de Becas para el Bienestar \u00abBenito Ju\u00e1rez\u00bb, as\u00ed como Pamela L\u00f3pez Ruiz Directora General de la Escuela es Nuestra<\/p>\n","protected":false},"excerpt":{"rendered":"<p>] CRUZ GRANDE. * 11 de junio de 2021. ) Gobierno de Guerrero. El gobernador H\u00e9ctor Astudillo Flores, dio la bienvenida al presidente Andr\u00e9s Manuel L\u00f3pez Obrador donde expres\u00f3 que Guerrero transita en paz y gobernabilidad despu\u00e9s del proceso electoral del 06 de junio, mientras que el Ejecutivo Federal reconoci\u00f3 que el proceso electoral en&#8230;<\/p>\n","protected":false},"author":2,"featured_media":1229578,"comment_status":"closed","ping_status":"closed","sticky":false,"template":"","format":"standard","meta":{"footnotes":""},"categories":[18573,18561],"tags":[3896,9302,9705],"class_list":["post-1229573","post","type-post","status-publish","format-standard","has-post-thumbnail","hentry","category-goverment","category-society-politics","tag-andres-manuel-lopez-obrador","tag-gobierno-de-guerrero","tag-hector-astudillo-flores"],"_links":{"self":[{"href":"https:\/\/www.acapulcopress.com\/index.php\/wp-json\/wp\/v2\/posts\/1229573","targetHints":{"allow":["GET"]}}],"collection":[{"href":"https:\/\/www.acapulcopress.com\/index.php\/wp-json\/wp\/v2\/posts"}],"about":[{"href":"https:\/\/www.acapulcopress.com\/index.php\/wp-json\/wp\/v2\/types\/post"}],"author":[{"embeddable":true,"href":"https:\/\/www.acapulcopress.com\/index.php\/wp-json\/wp\/v2\/users\/2"}],"replies":[{"embeddable":true,"href":"https:\/\/www.acapulcopress.com\/index.php\/wp-json\/wp\/v2\/comments?post=1229573"}],"version-history":[{"count":0,"href":"https:\/\/www.acapulcopress.com\/index.php\/wp-json\/wp\/v2\/posts\/1229573\/revisions"}],"wp:featuredmedia":[{"embeddable":true,"href":"https:\/\/www.acapulcopress.com\/index.php\/wp-json\/"}],"wp:attachment":[{"href":"https:\/\/www.acapulcopress.com\/index.php\/wp-json\/wp\/v2\/media?parent=1229573"}],"wp:term":[{"taxonomy":"category","embeddable":true,"href":"https:\/\/www.acapulcopress.com\/index.php\/wp-json\/wp\/v2\/categories?post=1229573"},{"taxonomy":"post_tag","embeddable":true,"href":"https:\/\/www.acapulcopress.com\/index.php\/wp-json\/wp\/v2\/tags?post=1229573"}],"curies":[{"name":"wp","href":"https:\/\/api.w.org\/{rel}","templated":true}]}}