{"id":1229586,"date":"2021-06-11T23:24:21","date_gmt":"2021-06-12T04:24:21","guid":{"rendered":"https:\/\/www.acapulco.press\/?p=1229586"},"modified":"2021-06-11T23:24:21","modified_gmt":"2021-06-12T04:24:21","slug":"lopez-gatell-cierra-su-ciclo-de-conferencias-sobre-covid19","status":"publish","type":"post","link":"https:\/\/www.acapulcopress.com\/index.php\/2021\/06\/11\/lopez-gatell-cierra-su-ciclo-de-conferencias-sobre-covid19\/","title":{"rendered":"L\u00f3pez-Gatell cierra su ciclo de conferencias sobre Covid19"},"content":{"rendered":"<p style=\"text-align: justify;\">] CIUDAD DE M\u00c9XICO. * 11 de junio de 2021.<br \/>\n<em>) <a href=\"https:\/\/latinus.us\/2021\/06\/11\/lopez-gatell-cierra-conferencias-agradecimientos-pero-sin-reportar-muertes-covid\/\" target=\"_blank\" rel=\"noopener\">Latinus<\/a>.<\/em><\/p>\n<p style=\"text-align: justify;\">El subsecretario de Prevenci\u00f3n y Promoci\u00f3n de la Salud, Hugo L\u00f3pez-Gatell, concluy\u00f3 este viernes con 15 meses de conferencias vespertinas sobre la pandemia con agradecimientos, pero sin dar el reporte t\u00e9cnico diario. De acuerdo con los datos publicados por la dependencia al t\u00e9rmino de la rueda de prensa, en M\u00e9xico hay 2 millones 448 mil 820 contagios y 229 mil 821 muertes por Covid-19.<\/p>\n<p style=\"text-align: justify;\">El subsecretario primero mostr\u00f3 los \u201cpilares de la respuesta ante la epidemia\u201d, y luego siguieron las presentaciones de C\u00e9lida Duque Molina, directora de Prestaciones M\u00e9dicas del Instituto M\u00e9xico del Seguro Social (IMSS) y de Gustavo Reyes Ter\u00e1n, titular de la Comisi\u00f3n Coordinadora de Institutos Nacionales de Salud y Hospitales de Alta Especialidad, sobre la reconversi\u00f3n hospitalaria y la atenci\u00f3n m\u00e9dica.<\/p>\n<p style=\"text-align: justify;\">Despu\u00e9s, el direcci\u00f3n General del Centro Nacional de Programas Preventivos y Control de Enfermedades, Ruy L\u00f3pez Ridaura, hizo un resumen de la estrategia de vacunaci\u00f3n contra Covid-19 en el pa\u00eds, pero no mostr\u00f3 el \u00faltimo corte de inyecciones aplicadas, como en las presentaciones de los \u00faltimos meses<\/p>\n<p style=\"text-align: justify;\">Luego de m\u00e1s de 50 minutos de exposiciones, L\u00f3pez-Gatell ocup\u00f3 los \u00faltimos momentos de la conferencia para agradecer al presidente de M\u00e9xico, Andr\u00e9s Manuel L\u00f3pez Obrador, y al secretario de Salud, Jorge Alcocer Varela. \u201cSin ellos no hubi\u00e9ramos podido tener el esquema de comunicaci\u00f3n tan amplio, tan abierto y tan fundamentado en la evidencia\u201d, expres\u00f3.<\/p>\n<p style=\"text-align: justify;\">Tambi\u00e9n dio las gracias a instituciones, organismos de la sociedad civil, los poderes de la uni\u00f3n, a los 32 gobiernos de los estados y a los comunicadores que asistieron a las conferencias vespertinas.<\/p>\n<p style=\"text-align: justify;\">El subsecretario s\u00f3lo permiti\u00f3 una pregunta de la prensa en la que un reportero le cuestion\u00f3 si estaba satisfecho de su trabajo al frente de la lucha contra la Covid-19. \u201cEstamos conscientes del trabajo que se ha tenido que hacer, estamos satisfechos de la respuesta social del pueblo de M\u00e9xico y de todos a quienes agradecemos. Seguiremos trabajando por el bien de M\u00e9xico\u201d, respondi\u00f3 Hugo L\u00f3pez-Gatell.<\/p>\n<p style=\"text-align: justify;\">En 24 horas, al reporte se a\u00f1adieron 3 mil 282 nuevos casos, para llegar a un total de 2 millones 448 mil 820 contagios. Tambi\u00e9n se agregaron 243 defunciones por coronavirus, para llegar a 229 mil 821 muertes. La tasa de letalidad en el pa\u00eds es de 9.3%.<\/p>\n<p style=\"text-align: justify;\">Hasta el \u00faltimo corte, en el pa\u00eds se han aplicado 36 millones 430 mil 953 dosis de la vacuna contra Covid-19, pero s\u00f3lo 14 millones 747 mil 978 personas han recibido las dosis necesarias para conseguir protecci\u00f3n contra el virus.<\/p>\n<p style=\"text-align: justify;\">La Secretar\u00eda de Salud estima que hay en el pa\u00eds 2 millones 633 mil 871 casos de coronavirus. Este indicador se calcula con los contagios confirmados, con el porcentaje de positividad y la asociaci\u00f3n epidemiol\u00f3gica.<\/p>\n<p style=\"text-align: justify;\">En el territorio hay 22 mil 452 casos activos estimados y un mill\u00f3n 950 mil 420 personas recuperadas de la enfermedad.<\/p>\n<p style=\"text-align: justify;\">M\u00e9xico es el cuarto pa\u00eds con m\u00e1s muertes por Covid-19 en el mundo, de acuerdo con el conteo de la Universidad Johns Hopkins. India est\u00e1 en tercer lugar con 353 mil 528 decesos; Brasil en segundo con 479 mil 515; y Estados Unidos se mantiene en primera posici\u00f3n con 599 mil 161.<\/p>\n","protected":false},"excerpt":{"rendered":"<p>] CIUDAD DE M\u00c9XICO. * 11 de junio de 2021. ) Latinus. El subsecretario de Prevenci\u00f3n y Promoci\u00f3n de la Salud, Hugo L\u00f3pez-Gatell, concluy\u00f3 este viernes con 15 meses de conferencias vespertinas sobre la pandemia con agradecimientos, pero sin dar el reporte t\u00e9cnico diario. De acuerdo con los datos publicados por la dependencia al t\u00e9rmino&#8230;<\/p>\n","protected":false},"author":2,"featured_media":1229599,"comment_status":"closed","ping_status":"closed","sticky":false,"template":"","format":"standard","meta":{"footnotes":""},"categories":[1969],"tags":[],"class_list":["post-1229586","post","type-post","status-publish","format-standard","has-post-thumbnail","hentry","category-trending"],"_links":{"self":[{"href":"https:\/\/www.acapulcopress.com\/index.php\/wp-json\/wp\/v2\/posts\/1229586","targetHints":{"allow":["GET"]}}],"collection":[{"href":"https:\/\/www.acapulcopress.com\/index.php\/wp-json\/wp\/v2\/posts"}],"about":[{"href":"https:\/\/www.acapulcopress.com\/index.php\/wp-json\/wp\/v2\/types\/post"}],"author":[{"embeddable":true,"href":"https:\/\/www.acapulcopress.com\/index.php\/wp-json\/wp\/v2\/users\/2"}],"replies":[{"embeddable":true,"href":"https:\/\/www.acapulcopress.com\/index.php\/wp-json\/wp\/v2\/comments?post=1229586"}],"version-history":[{"count":0,"href":"https:\/\/www.acapulcopress.com\/index.php\/wp-json\/wp\/v2\/posts\/1229586\/revisions"}],"wp:featuredmedia":[{"embeddable":true,"href":"https:\/\/www.acapulcopress.com\/index.php\/wp-json\/"}],"wp:attachment":[{"href":"https:\/\/www.acapulcopress.com\/index.php\/wp-json\/wp\/v2\/media?parent=1229586"}],"wp:term":[{"taxonomy":"category","embeddable":true,"href":"https:\/\/www.acapulcopress.com\/index.php\/wp-json\/wp\/v2\/categories?post=1229586"},{"taxonomy":"post_tag","embeddable":true,"href":"https:\/\/www.acapulcopress.com\/index.php\/wp-json\/wp\/v2\/tags?post=1229586"}],"curies":[{"name":"wp","href":"https:\/\/api.w.org\/{rel}","templated":true}]}}