{"id":1229604,"date":"2021-06-11T23:41:39","date_gmt":"2021-06-12T04:41:39","guid":{"rendered":"https:\/\/www.acapulco.press\/?p=1229604"},"modified":"2021-06-11T23:41:39","modified_gmt":"2021-06-12T04:41:39","slug":"presenta-julio-ocana-su-libro-puschkinia-flor-del-desierto","status":"publish","type":"post","link":"https:\/\/www.acapulcopress.com\/index.php\/2021\/06\/11\/presenta-julio-ocana-su-libro-puschkinia-flor-del-desierto\/","title":{"rendered":"Present\u00f3 Julio Oca\u00f1a su libro \u201cPuschkinia, flor del desierto\u201d"},"content":{"rendered":"<p style=\"text-align: justify;\">] ACAPULCO. * 11 de junio de 2021.<br \/>\n<em>) Gobierno de Acapulco.<\/em><\/p>\n<p style=\"text-align: justify;\">A m\u00e1s de un a\u00f1o sin actividades en espacios cerrados debido a la pandemia del coronavirus, el puerto de Acapulco se convierte nuevamente en la sede de eventos culturales, en esta ocasi\u00f3n de la presentaci\u00f3n del libro \u201cPuschkinia, flor del desierto\u201d, del autor <img loading=\"lazy\" decoding=\"async\" class=\"alignleft size-medium wp-image-1229607\" src=\"https:\/\/www.acapulco.press\/wp-content\/uploads\/2021\/06\/Puschkinia3-375x281.jpeg\" alt=\"\" width=\"375\" height=\"281\" \/>michoacano Julio C\u00e9sar Oca\u00f1a Mart\u00ednez quien, a trav\u00e9s de esta composici\u00f3n literaria ensayo-novela, plasma la realidad de violencia que viven las mujeres.<\/p>\n<p style=\"text-align: justify;\">Ante un p\u00fablico que ocup\u00f3 toda la sala del Museo de las Siete Regiones, ubicado en el Fuerte de San Diego, el escritor explic\u00f3 que Puschkinia surgi\u00f3 como una novela de amor, un ensayo a trav\u00e9s del cual quer\u00eda hablar de la guerra, de la misoginia, de la violencia contra la mujer, la prostituci\u00f3n forzada, la xenofobia, pero tambi\u00e9n \u2014dice el autor\u2014 \u201ces una historia de amor basada en un contexto hist\u00f3rico\u201d.<\/p>\n<p style=\"text-align: justify;\">La obra obedece al compromiso social en torno a la compleja y delicada situaci\u00f3n de la mujer en cuanto a violencia de g\u00e9nero, que <img loading=\"lazy\" decoding=\"async\" class=\"alignleft size-medium wp-image-1229606\" src=\"https:\/\/www.acapulco.press\/wp-content\/uploads\/2021\/06\/Puschkinia2-375x281.jpeg\" alt=\"\" width=\"375\" height=\"281\" \/>ha rebasado las fronteras locales, nacionales y regiones continentales para convertirse en una problem\u00e1tica global preocupante, y m\u00e1s que ello, lacerante, dolorosa e indignante, coincidieron las presentadoras Elizabeth Maya Paco, directora de Planeaci\u00f3n e Innovaci\u00f3n de la Secretar\u00eda de Turismo Municipal y la psic\u00f3loga educativa Pilar P\u00e9rez Guti\u00e9rrez.<\/p>\n<p style=\"text-align: justify;\">C\u00e9sar Oca\u00f1a agradeci\u00f3 el trabajo del Gobierno Municipal que encabeza la presidenta Adela Rom\u00e1n Ocampo, a quien reconoci\u00f3 su compromiso de lucha por Acapulco y los esfuerzos para mejorar el entorno social ante las diversas problem\u00e1ticas que viven las mujeres. As\u00ed tambi\u00e9n a la direcci\u00f3n de Cultura del municipio que preside Malena Steiner, por colaborar en la organizaci\u00f3n de este evento.<\/p>\n<p style=\"text-align: justify;\">Asistieron a la presentaci\u00f3n de la obra el jefe de Proyectos Culturales, Jos\u00e9 Juan Soriano Almod\u00f3var, el secretario de Turismo Municipal, Jos\u00e9 Luis Basilio Talavera y la subsecretaria de Planeaci\u00f3n Tur\u00edstica, Cinthya Rivera Todd.<\/p>\n","protected":false},"excerpt":{"rendered":"<p>] ACAPULCO. * 11 de junio de 2021. ) Gobierno de Acapulco. A m\u00e1s de un a\u00f1o sin actividades en espacios cerrados debido a la pandemia del coronavirus, el puerto de Acapulco se convierte nuevamente en la sede de eventos culturales, en esta ocasi\u00f3n de la presentaci\u00f3n del libro \u201cPuschkinia, flor del desierto\u201d, del autor&#8230;<\/p>\n","protected":false},"author":2,"featured_media":1229605,"comment_status":"closed","ping_status":"closed","sticky":false,"template":"","format":"standard","meta":{"footnotes":""},"categories":[2025,1988],"tags":[2494,8725,11328],"class_list":["post-1229604","post","type-post","status-publish","format-standard","has-post-thumbnail","hentry","category-arte-y-literatura","category-lifestyles","tag-puschkinia","tag-flor-del-desierto","tag-julio-cesar-ocana-martinez"],"_links":{"self":[{"href":"https:\/\/www.acapulcopress.com\/index.php\/wp-json\/wp\/v2\/posts\/1229604","targetHints":{"allow":["GET"]}}],"collection":[{"href":"https:\/\/www.acapulcopress.com\/index.php\/wp-json\/wp\/v2\/posts"}],"about":[{"href":"https:\/\/www.acapulcopress.com\/index.php\/wp-json\/wp\/v2\/types\/post"}],"author":[{"embeddable":true,"href":"https:\/\/www.acapulcopress.com\/index.php\/wp-json\/wp\/v2\/users\/2"}],"replies":[{"embeddable":true,"href":"https:\/\/www.acapulcopress.com\/index.php\/wp-json\/wp\/v2\/comments?post=1229604"}],"version-history":[{"count":0,"href":"https:\/\/www.acapulcopress.com\/index.php\/wp-json\/wp\/v2\/posts\/1229604\/revisions"}],"wp:featuredmedia":[{"embeddable":true,"href":"https:\/\/www.acapulcopress.com\/index.php\/wp-json\/"}],"wp:attachment":[{"href":"https:\/\/www.acapulcopress.com\/index.php\/wp-json\/wp\/v2\/media?parent=1229604"}],"wp:term":[{"taxonomy":"category","embeddable":true,"href":"https:\/\/www.acapulcopress.com\/index.php\/wp-json\/wp\/v2\/categories?post=1229604"},{"taxonomy":"post_tag","embeddable":true,"href":"https:\/\/www.acapulcopress.com\/index.php\/wp-json\/wp\/v2\/tags?post=1229604"}],"curies":[{"name":"wp","href":"https:\/\/api.w.org\/{rel}","templated":true}]}}