{"id":1229620,"date":"2021-06-14T18:40:32","date_gmt":"2021-06-14T23:40:32","guid":{"rendered":"https:\/\/www.acapulco.press\/?p=1229620"},"modified":"2021-06-14T18:40:32","modified_gmt":"2021-06-14T23:40:32","slug":"anuncia-mario-impugnacion-de-eleccion","status":"publish","type":"post","link":"https:\/\/www.acapulcopress.com\/index.php\/2021\/06\/14\/anuncia-mario-impugnacion-de-eleccion\/","title":{"rendered":"Anuncia Mario impugnaci\u00f3n de elecci\u00f3n"},"content":{"rendered":"<p style=\"text-align: justify;\">] CHILPANCINGO. * 14 de junio de 2021.<br \/>\n<em>) Comunicado.<\/em><\/p>\n<p style=\"text-align: justify;\">El candidato de la alianza PRI\/PRD al gobierno de Guerrero, Mario Moreno Arcos, anunci\u00f3 que haciendo uso de su leg\u00edtimo derecho impugnar\u00e1 la elecci\u00f3n del pasado domingo 6 de junio, tras asegurar que hay \u00abgraves irregularidades\u00bb que se cometieron <img loading=\"lazy\" decoding=\"async\" class=\"alignleft size-medium wp-image-1229626\" src=\"https:\/\/www.acapulco.press\/wp-content\/uploads\/2021\/06\/MARIO-IMPUGNACION5-375x250.jpeg\" alt=\"\" width=\"375\" height=\"250\" \/>durante el proceso electoral y la misma jornada electiva.<\/p>\n<p style=\"text-align: justify;\">\u00abContamos con los elementos necesarios para acudir a las instancias jur\u00eddico-electorales correspondientes y abrir a la luz p\u00fablica la evidente y grave violaci\u00f3n al principio de neutralidad e imparcialidad del \u00f3rgano electoral del estado, dejando en entredicho la legalidad y veracidad de los resultados en la elecci\u00f3n, y su evidente presi\u00f3n sobre el voto p\u00fablico\u00bb reiter\u00f3.<\/p>\n<p style=\"text-align: justify;\">En conferencia de prensa, donde estuvo acompa\u00f1ado de su esposa Ene\u00ed Bustamante y de los dirigentes estatales de la coalici\u00f3n, H\u00e9ctor Apreza Patr\u00f3n (PRI) y Alberto Catal\u00e1n Bastida (PRD), aclar\u00f3 <img loading=\"lazy\" decoding=\"async\" class=\"alignleft size-medium wp-image-1229622\" src=\"https:\/\/www.acapulco.press\/wp-content\/uploads\/2021\/06\/MARIO-IMPUGNACION-375x250.jpeg\" alt=\"\" width=\"375\" height=\"250\" \/>que no es un llamado a la desobediencia civil, sino m\u00e1s bien a defender la legalidad del voto de las y los guerrerenses, apostando siempre por la estabilidad y el orden.<\/p>\n<p style=\"text-align: justify;\">\u00abEl llamado de hoy, que quede claro, no es de ning\u00fan modo a la violencia ni a la desobediencia civil, sino el anuncio formal de que recurriremos a la v\u00eda legal para brindar la certeza necesaria al resultado electoral\u00bb enfatiz\u00f3, lo que respald\u00f3 Irma Lilia Garz\u00f3n Bernal, candidata del PAN, que declin\u00f3 a su favor.<\/p>\n<p style=\"text-align: justify;\">Moreno Arcos dijo que el \u00e1rea jur\u00eddica est\u00e1 documentando diversas irregularidades entre las que destacan compra de votos, <img loading=\"lazy\" decoding=\"async\" class=\"alignleft size-medium wp-image-1229623\" src=\"https:\/\/www.acapulco.press\/wp-content\/uploads\/2021\/06\/MARIO-IMPUGNACION2-375x250.jpeg\" alt=\"\" width=\"375\" height=\"250\" \/>manipulaci\u00f3n de actas y boletas, adem\u00e1s \u00abhay votos que no se pueden contar, que no se sabe c\u00f3mo llegaron a las urnas\u00bb.<\/p>\n<p style=\"text-align: justify;\">Precis\u00f3 que por ley se tienen cuatro d\u00edas para presentar la impugnaci\u00f3n, por lo que se actuar\u00e1 siempre en el marco de la legalidad y con apego a defender la decisi\u00f3n de las y los guerrerenses.<\/p>\n<p style=\"text-align: justify;\">\u00abNo voy a claudicar en la determinaci\u00f3n de ejercer mi derecho a impugnar las irregularidades ocurridas en la jornada electoral\u00bb, remarc\u00f3.<\/p>\n<p style=\"text-align: justify;\">Acompa\u00f1ado del delegado nacional del PRI, Jos\u00e9 Olvera, Moreno Arcos precis\u00f3: \u00abNunca he actuado de manera irresponsable y jam\u00e1s le he apostado a la violencia y caos en la defensa de lo que considero justo, mucho menos cuando se trata de preservar la tranquilidad del estado y de mis paisanas y paisanos\u00bb puntualiz\u00f3.<\/p>\n<p style=\"text-align: justify;\">Pero recalc\u00f3 que ante el c\u00famulo de inconsistencias y actuaciones fuera de la legalidad, es que har\u00e1 uso de lo que la Ley en materia electoral le otorga y acudir ante los \u00f3rganos jurisdiccionales, para que resuelva conforme a derecho.<\/p>\n<p style=\"text-align: justify;\">COMUNICADO \u00cdNTEGRO<\/p>\n<p style=\"text-align: justify;\"><strong>Al pueblo de Guerrero:<\/strong><\/p>\n<p style=\"text-align: justify;\"><em>Estoy aqu\u00ed frente a ustedes para fijar mi posicionamiento como candidato de la Alianza PRI-PRD a la gubernatura del estado, tras <img loading=\"lazy\" decoding=\"async\" class=\"alignleft size-medium wp-image-1229621\" src=\"https:\/\/www.acapulco.press\/wp-content\/uploads\/2021\/06\/impUGNACION-375x618.jpg\" alt=\"\" width=\"375\" height=\"618\" \/>conocerse ayer domingo, 13 de junio de 2021, los resultados obtenidos durante la elecci\u00f3n del pasado 6 de junio.<\/em><\/p>\n<p style=\"text-align: justify;\"><em>Nunca he actuado de manera irresponsable y jam\u00e1s le he apostado a la violencia y caos en la defensa de lo que considero justo, mucho menos cuando se trata de preservar la tranquilidad del estado y de mis paisanas y paisanos.<\/em><\/p>\n<p style=\"text-align: justify;\"><em>He mantenido y mantendr\u00e9 la prudencia y ser\u00e9 el primero en defender la estabilidad de Guerrero. Sin embargo, no voy a claudicar en la determinaci\u00f3n de ejercer mi leg\u00edtimo derecho a impugnar la serie de graves irregularidades ocurridas antes, durante y despu\u00e9s de la reciente jornada electoral.<\/em><\/p>\n<p style=\"text-align: justify;\"><em>Contamos con los elementos necesarios para acudir a las instancias jur\u00eddico-electorales correspondientes y abrir a la luz p\u00fablica, la evidente y grave violaci\u00f3n al principio de neutralidad e imparcialidad del \u00f3rgano electoral del Estado, dejando en entredicho la legalidad y veracidad de los resultados en la elecci\u00f3n y su evidente presi\u00f3n sobre el voto p\u00fablico.<\/em><\/p>\n<p style=\"text-align: justify;\"><em>Afirmo rotundamente que el Instituto Electoral y de Participaci\u00f3n Ciudadana del Estado de Guerrero no ha sido imparcial, generando desconfianza e incertidumbre en el proceso.<\/em><\/p>\n<p style=\"text-align: justify;\"><em>El llamado de hoy, que quede claro, no es de ning\u00fan modo a la violencia ni a la desobediencia civil, sino el anuncio formal de que recurriremos a la v\u00eda legal para brindar la certeza necesaria al resultado electoral.<\/em><\/p>\n<p style=\"text-align: justify;\"><em>En ese tenor, desde aqu\u00ed reitero mi compromiso con quienes conf\u00edan en este proyecto, dici\u00e9ndoles que defenderemos el voto, la voz y las causas de la gente sin dudas ni titubeos, pero siempre por la v\u00eda jur\u00eddica.<\/em><\/p>\n<p style=\"text-align: justify;\"><em>Les hago tambi\u00e9n un llamado a mantener la calma, porque haremos uso de las herramientas que la ley nos otorga para cumplir cabalmente con el ejercicio democr\u00e1tico avalado verdaderamente por la voluntad popular. Lo haremos con firmeza y decisi\u00f3n siempre en el marco de la ley, porque \u00a1As\u00ed Gana Guerrero!<\/em><\/p>\n<p><iframe loading=\"lazy\" title=\"ANUNCIA MARIO MORENO IMPUGNACI\u00d3N DE ELECCI\u00d3N\" width=\"1160\" height=\"653\" src=\"https:\/\/www.youtube.com\/embed\/enycDwMf2II?feature=oembed\" frameborder=\"0\" allow=\"accelerometer; autoplay; clipboard-write; encrypted-media; gyroscope; picture-in-picture; web-share\" referrerpolicy=\"strict-origin-when-cross-origin\" allowfullscreen><\/iframe><\/p>\n<p>&nbsp;<\/p>\n","protected":false},"excerpt":{"rendered":"<p>] CHILPANCINGO. * 14 de junio de 2021. ) Comunicado. El candidato de la alianza PRI\/PRD al gobierno de Guerrero, Mario Moreno Arcos, anunci\u00f3 que haciendo uso de su leg\u00edtimo derecho impugnar\u00e1 la elecci\u00f3n del pasado domingo 6 de junio, tras asegurar que hay \u00abgraves irregularidades\u00bb que se cometieron durante el proceso electoral y la&#8230;<\/p>\n","protected":false},"author":2,"featured_media":1229625,"comment_status":"closed","ping_status":"closed","sticky":false,"template":"","format":"standard","meta":{"footnotes":""},"categories":[1972,1997],"tags":[3461,5938,7799,9702,10430,12685,14184],"class_list":["post-1229620","post","type-post","status-publish","format-standard","has-post-thumbnail","hentry","category-special","category-noticias-destacadas","tag-alberto-catalan-bastida","tag-coalicion-pri-prd","tag-eleccion-guerrero-2021","tag-hector-apreza-patron","tag-irma-lilia-garzon-bernal","tag-mario-moreno-arcos","tag-pan"],"_links":{"self":[{"href":"https:\/\/www.acapulcopress.com\/index.php\/wp-json\/wp\/v2\/posts\/1229620","targetHints":{"allow":["GET"]}}],"collection":[{"href":"https:\/\/www.acapulcopress.com\/index.php\/wp-json\/wp\/v2\/posts"}],"about":[{"href":"https:\/\/www.acapulcopress.com\/index.php\/wp-json\/wp\/v2\/types\/post"}],"author":[{"embeddable":true,"href":"https:\/\/www.acapulcopress.com\/index.php\/wp-json\/wp\/v2\/users\/2"}],"replies":[{"embeddable":true,"href":"https:\/\/www.acapulcopress.com\/index.php\/wp-json\/wp\/v2\/comments?post=1229620"}],"version-history":[{"count":0,"href":"https:\/\/www.acapulcopress.com\/index.php\/wp-json\/wp\/v2\/posts\/1229620\/revisions"}],"wp:featuredmedia":[{"embeddable":true,"href":"https:\/\/www.acapulcopress.com\/index.php\/wp-json\/"}],"wp:attachment":[{"href":"https:\/\/www.acapulcopress.com\/index.php\/wp-json\/wp\/v2\/media?parent=1229620"}],"wp:term":[{"taxonomy":"category","embeddable":true,"href":"https:\/\/www.acapulcopress.com\/index.php\/wp-json\/wp\/v2\/categories?post=1229620"},{"taxonomy":"post_tag","embeddable":true,"href":"https:\/\/www.acapulcopress.com\/index.php\/wp-json\/wp\/v2\/tags?post=1229620"}],"curies":[{"name":"wp","href":"https:\/\/api.w.org\/{rel}","templated":true}]}}