{"id":1229632,"date":"2021-06-14T19:26:07","date_gmt":"2021-06-15T00:26:07","guid":{"rendered":"https:\/\/www.acapulco.press\/?p=1229632"},"modified":"2021-06-14T19:26:07","modified_gmt":"2021-06-15T00:26:07","slug":"captura-fge-a-presunto-homicida-en-el-poblado-de-santa-maria-atoyac","status":"publish","type":"post","link":"https:\/\/www.acapulcopress.com\/index.php\/2021\/06\/14\/captura-fge-a-presunto-homicida-en-el-poblado-de-santa-maria-atoyac\/","title":{"rendered":"Captura FGE a presunto homicida en el poblado de Santa Mar\u00eda, Atoyac"},"content":{"rendered":"<p>] ACAPULCO. * 14 de junio de 2021.<br \/>\n<em>) https:\/\/fiscaliaguerrero.gob.mx.<\/em><\/p>\n<p style=\"text-align: justify;\">Fiscal\u00eda de Guerrero a trav\u00e9s de la Polic\u00eda Investigadora Ministerial de Atoyac de \u00c1lvarez cumpliment\u00f3 la orden de reaprehensi\u00f3n en contra de Dagoberto \u00abN\u00bb, detenido sobre carretera estatal, camino al poblado de Santa Mar\u00eda, como probable responsable del delito de homicidio calificado, hechos en carpeta judicial C-55\/2020.<\/p>\n","protected":false},"excerpt":{"rendered":"<p>] ACAPULCO. * 14 de junio de 2021. ) https:\/\/fiscaliaguerrero.gob.mx. Fiscal\u00eda de Guerrero a trav\u00e9s de la Polic\u00eda Investigadora Ministerial de Atoyac de \u00c1lvarez cumpliment\u00f3 la orden de reaprehensi\u00f3n en contra de Dagoberto \u00abN\u00bb, detenido sobre carretera estatal, camino al poblado de Santa Mar\u00eda, como probable responsable del delito de homicidio calificado, hechos en carpeta&#8230;<\/p>\n","protected":false},"author":2,"featured_media":1229634,"comment_status":"closed","ping_status":"closed","sticky":false,"template":"","format":"standard","meta":{"footnotes":""},"categories":[18561,2005],"tags":[8709,10946,14737],"class_list":["post-1229632","post","type-post","status-publish","format-standard","has-post-thumbnail","hentry","category-society-politics","category-seguridad-y-justicia","tag-fiscalia-general-del-estado-e-guerrero-fgegro","tag-jorge-zuriel-de-los-santos-barrila","tag-policia-ministerial-de-guerrero"],"_links":{"self":[{"href":"https:\/\/www.acapulcopress.com\/index.php\/wp-json\/wp\/v2\/posts\/1229632","targetHints":{"allow":["GET"]}}],"collection":[{"href":"https:\/\/www.acapulcopress.com\/index.php\/wp-json\/wp\/v2\/posts"}],"about":[{"href":"https:\/\/www.acapulcopress.com\/index.php\/wp-json\/wp\/v2\/types\/post"}],"author":[{"embeddable":true,"href":"https:\/\/www.acapulcopress.com\/index.php\/wp-json\/wp\/v2\/users\/2"}],"replies":[{"embeddable":true,"href":"https:\/\/www.acapulcopress.com\/index.php\/wp-json\/wp\/v2\/comments?post=1229632"}],"version-history":[{"count":0,"href":"https:\/\/www.acapulcopress.com\/index.php\/wp-json\/wp\/v2\/posts\/1229632\/revisions"}],"wp:featuredmedia":[{"embeddable":true,"href":"https:\/\/www.acapulcopress.com\/index.php\/wp-json\/"}],"wp:attachment":[{"href":"https:\/\/www.acapulcopress.com\/index.php\/wp-json\/wp\/v2\/media?parent=1229632"}],"wp:term":[{"taxonomy":"category","embeddable":true,"href":"https:\/\/www.acapulcopress.com\/index.php\/wp-json\/wp\/v2\/categories?post=1229632"},{"taxonomy":"post_tag","embeddable":true,"href":"https:\/\/www.acapulcopress.com\/index.php\/wp-json\/wp\/v2\/tags?post=1229632"}],"curies":[{"name":"wp","href":"https:\/\/api.w.org\/{rel}","templated":true}]}}