{"id":1229647,"date":"2021-06-14T20:33:15","date_gmt":"2021-06-15T01:33:15","guid":{"rendered":"https:\/\/www.acapulco.press\/?p=1229647"},"modified":"2021-06-14T20:33:15","modified_gmt":"2021-06-15T01:33:15","slug":"resalta-gobernador-desarrollo-ordenado-de-elecciones","status":"publish","type":"post","link":"https:\/\/www.acapulcopress.com\/index.php\/2021\/06\/14\/resalta-gobernador-desarrollo-ordenado-de-elecciones\/","title":{"rendered":"Resalta Gobernador desarrollo ordenado de elecciones"},"content":{"rendered":"<p style=\"text-align: justify;\">] CHILPANCINGO, Gro. * 14 de junio de 2021.<br \/>\n<em>) Gobierno de Guerrero.<\/em><\/p>\n<p>El gobernador H\u00e9ctor Astudillo Flores, evalu\u00f3 la participaci\u00f3n de las autoridades civiles y militares de la Mesa de Coordinaci\u00f3n para la Construcci\u00f3n de la Paz, durante el proceso electoral y el cuidado correcto e importante de la elecci\u00f3n del 6 de junio, sin <img loading=\"lazy\" decoding=\"async\" class=\"alignleft size-medium wp-image-1229648\" src=\"https:\/\/www.acapulco.press\/wp-content\/uploads\/2021\/06\/paz-gro-375x249.jpg\" alt=\"\" width=\"375\" height=\"249\" \/>registrar alg\u00fan acontecimiento grave.<\/p>\n<p>\u00abHicimos un cuidado de la elecci\u00f3n muy importante, le pusimos mucha atenci\u00f3n, mucho cuidado, como el Presidente de la Rep\u00fablica (Andr\u00e9s Manuel L\u00f3pez Obrador), tambi\u00e9n lo dijo, ninguna elecci\u00f3n deja de tener incidencias pero creo que Guerrero no fue escenario de un acontecimiento grave durante el proceso y la jornada electoral\u00bb, puntualiz\u00f3.<\/p>\n<p>En la sesi\u00f3n virtual desde Casa Guerrero, Astudillo Flores inst\u00f3 al fiscal General del Estado, priorizar el esclarecimiento de homicidios registrados este fin de semana como el de una pareja de comerciantes en Acapulco y, se acord\u00f3 reforzar las acciones para inhibir los actos delincuenciales.<\/p>\n<p>El secretario de Seguridad P\u00fablica, David Portillo Menchaca, inform\u00f3 que se atiende a vecinos de los Guajes de Ayala, municipio de Coyuca de Catal\u00e1n, donde se llev\u00f3 atenci\u00f3n psicol\u00f3gica y apoyos alimentarios en coordinaci\u00f3n con personal de la Secretar\u00eda de la Defensa Nacional y la Guardia Nacional.<\/p>\n<p>Se\u00f1al\u00f3 que no hay mayor evidencia de enfrentamientos ni civiles armados, sin embargo, la zona est\u00e1 siendo atendida bajo control y vigilancia con personal del Ej\u00e9rcito Mexicano y la Polic\u00eda del Estado.<\/p>\n<p>El gobernador H\u00e9ctor Astudillo, instruy\u00f3 al secretario de Protecci\u00f3n Civil, Marco Mayares Salvador, a alertar a los ayuntamientos de Guerrero para tomar las medidas preventivas ante la presencia de lluvias en esta temporada para estar preparados ante cualquier evento climatol\u00f3gico que se desarrolle.<\/p>\n<p>Mayares Salvador, inform\u00f3 que no se han tenido mayores afectaciones derivado de las lluvias registradas en gran parte de la entidad y se continuar\u00e1 con esta actividad de precipitaciones hasta este martes, pero contin\u00faa la temporada de lluvias y ciclones, por lo que los ayuntamientos ya han sido notificados y alertados por escrito para hacer las advertencias correspondientes a su poblaci\u00f3n.<\/p>\n<p>Mientras tanto, el secretario de Turismo, Ernesto Rodr\u00edguez Escalona, inform\u00f3 del comportamiento de la actividad tur\u00edstica durante el fin de semana que super\u00f3 el 70 por ciento promedio en todo el Estado, principalmente en los destinos Acapulco, Taxco e Ixtapa &#8211; Zihuatanejo.<\/p>\n<p>Rodr\u00edguez Escalona, puntualiz\u00f3 que se observa que el turismo se queda un d\u00eda m\u00e1s durante el fin de semana, e inicia la cuarta etapa del programa Punto Limpio donde se destacar\u00e1 el uso de cubrebocas a los prestadores de servicios tur\u00edsticos.<\/p>\n<p>Estuvieron presentes el secretario General de Gobierno, Florencio Salazar Adame; el coordinador Estatal de la Guardia Nacional, Lucio Vergara G\u00f3mez; el comandante de la 27 zona Militar, Federico San Juan Rosales; as\u00ed como mandos de la Novena Regi\u00f3n Militar y el representante de la Octava Regi\u00f3n Naval Militar.<\/p>\n<p>Adem\u00e1s de el delegado de la FGR, Fernando Garc\u00eda Fern\u00e1ndez; el representante del Centro Nacional de Inteligencia, Juan Gabriel Sosa Pintos, el presidente de la Coparmex Chilpancingo, Joel Moreno Temelo; el subsecretario de Asuntos Pol\u00edticos, Mart\u00edn Maldonado del Moral, entre otros funcionarios estatales y federales.<\/p>\n","protected":false},"excerpt":{"rendered":"<p>] CHILPANCINGO, Gro. * 14 de junio de 2021. ) Gobierno de Guerrero. El gobernador H\u00e9ctor Astudillo Flores, evalu\u00f3 la participaci\u00f3n de las autoridades civiles y militares de la Mesa de Coordinaci\u00f3n para la Construcci\u00f3n de la Paz, durante el proceso electoral y el cuidado correcto e importante de la elecci\u00f3n del 6 de junio,&#8230;<\/p>\n","protected":false},"author":2,"featured_media":1229649,"comment_status":"closed","ping_status":"closed","sticky":false,"template":"","format":"standard","meta":{"footnotes":""},"categories":[1983,18561],"tags":[6705,9302,9705,12964,16426],"class_list":["post-1229647","post","type-post","status-publish","format-standard","has-post-thumbnail","hentry","category-guerrerogob","category-society-politics","tag-covid19","tag-gobierno-de-guerrero","tag-hector-astudillo-flores","tag-mesa-de-coordinacion-para-la-construccion-de-la-paz","tag-semaforo-epidemiologico-covid19"],"_links":{"self":[{"href":"https:\/\/www.acapulcopress.com\/index.php\/wp-json\/wp\/v2\/posts\/1229647","targetHints":{"allow":["GET"]}}],"collection":[{"href":"https:\/\/www.acapulcopress.com\/index.php\/wp-json\/wp\/v2\/posts"}],"about":[{"href":"https:\/\/www.acapulcopress.com\/index.php\/wp-json\/wp\/v2\/types\/post"}],"author":[{"embeddable":true,"href":"https:\/\/www.acapulcopress.com\/index.php\/wp-json\/wp\/v2\/users\/2"}],"replies":[{"embeddable":true,"href":"https:\/\/www.acapulcopress.com\/index.php\/wp-json\/wp\/v2\/comments?post=1229647"}],"version-history":[{"count":0,"href":"https:\/\/www.acapulcopress.com\/index.php\/wp-json\/wp\/v2\/posts\/1229647\/revisions"}],"wp:featuredmedia":[{"embeddable":true,"href":"https:\/\/www.acapulcopress.com\/index.php\/wp-json\/"}],"wp:attachment":[{"href":"https:\/\/www.acapulcopress.com\/index.php\/wp-json\/wp\/v2\/media?parent=1229647"}],"wp:term":[{"taxonomy":"category","embeddable":true,"href":"https:\/\/www.acapulcopress.com\/index.php\/wp-json\/wp\/v2\/categories?post=1229647"},{"taxonomy":"post_tag","embeddable":true,"href":"https:\/\/www.acapulcopress.com\/index.php\/wp-json\/wp\/v2\/tags?post=1229647"}],"curies":[{"name":"wp","href":"https:\/\/api.w.org\/{rel}","templated":true}]}}