{"id":1229655,"date":"2021-06-14T20:52:38","date_gmt":"2021-06-15T01:52:38","guid":{"rendered":"https:\/\/www.acapulco.press\/?p=1229655"},"modified":"2021-06-14T20:52:38","modified_gmt":"2021-06-15T01:52:38","slug":"concluyen-trasmisiones-diarias-de-covid19-en-guerrero","status":"publish","type":"post","link":"https:\/\/www.acapulcopress.com\/index.php\/2021\/06\/14\/concluyen-trasmisiones-diarias-de-covid19-en-guerrero\/","title":{"rendered":"Concluyen trasmisiones diarias de Covid19 en Guerrero"},"content":{"rendered":"<p style=\"text-align: justify;\">* Con decisi\u00f3n y trabajo coordinador, Guerrero ha salido adelante a pesar de la \u00b4pandemia, destaca el Gobernador Astudillo<br \/>\n<strong>* Reconoce y agradece Astudillo al doctor Carlos de la Pe\u00f1a y a todo el sector salud, Sedena, Marina, Guardia Nacional, IMSS, ISSSTE, el trabajo realizaron en esta batalla<\/strong><br \/>\n* Aplicaci\u00f3n de la vacuna a adultos de 50 a 59 a\u00f1os en Acapulco inicia este martes<br \/>\n<strong>* En Guerrero se ha aplicado la vacuna a un mill\u00f3n de personas<\/strong><\/p>\n<p style=\"text-align: justify;\"><img loading=\"lazy\" decoding=\"async\" class=\"alignnone wp-image-1229657\" src=\"https:\/\/www.acapulco.press\/wp-content\/uploads\/2021\/06\/COVIDGRO-HAF2.jpg\" alt=\"\" width=\"840\" height=\"560\" \/><\/p>\n<p style=\"text-align: justify;\">] CHILPANCINGO, Gro. * 14 de junio de 2021.<br \/>\n<em>) Gobierno de Guerrero.<\/em><\/p>\n<p style=\"text-align: justify;\">Con decisi\u00f3n buena voluntad y trabajo coordinado en momentos dif\u00edciles, Guerrero ha tratado de salir adelante a pesar de la pandemia, vamos a seguirnos cuidando para derrotar contundentemente al Covid pronto\u00bb, expres\u00f3 el gobernador H\u00e9ctor Astudillo Flores al dar por concluidas las transmisiones diarias de las 12 del d\u00eda para presentar la actualizaci\u00f3n del Covid-19 en es estado.<\/p>\n<p style=\"text-align: justify;\"><img loading=\"lazy\" decoding=\"async\" class=\"alignleft size-medium wp-image-1229656\" src=\"https:\/\/www.acapulco.press\/wp-content\/uploads\/2021\/06\/COVIDGRO-HAF-375x250.jpg\" alt=\"\" width=\"375\" height=\"250\" \/>Acompa\u00f1ado de su esposa, la presidenta del DIF Guerrero, Mercedes Calvo, del secretario de Finanzas y Administraci\u00f3n, Tulio Samuel P\u00e9rez Calvo; del jefe de la Oficina del Ejecutivo, Alejandro Bravo Abarca y de representantes de los hospitales que atendieron casos de Covid-19, Astudillo Flores mencion\u00f3 que los lunes y jueves se informar\u00e1 a la poblaci\u00f3n respecto al avance de la pandemia y del proceso de la vacunaci\u00f3n.<\/p>\n<p style=\"text-align: justify;\">Record\u00f3 que el 28 de febrero del a\u00f1o 2020 se llev\u00f3 a cabo la primera transmisi\u00f3n respecto a la evoluci\u00f3n de esta pandemia que trajo dolor a las familias, pero que tambi\u00e9n ocasion\u00f3 da\u00f1os a las actividades econ\u00f3micas y sociales.<\/p>\n<p style=\"text-align: justify;\">En este ejercicio de comunicaci\u00f3n, dialog\u00f3 con representantes de los hospitales del sector salud y del IMSS e ISSSTE para conocer c\u00f3mo se encontraban en la situaci\u00f3n m\u00e1s cr\u00edtica de la pandemia y actualmente, destacando que hay una baja importante en cuanto a los pacientes hospitalizados.<\/p>\n<p style=\"text-align: justify;\">Refiri\u00f3 que se ha dado una lucha en coordinaci\u00f3n con el gobierno federal, estatal, municipios y con instituciones que colaboraron de manera fundamental, por lo que expres\u00f3 su reconocimiento a la Secretar\u00eda de la Defensa Nacional, Marina, del IMSS, ISSSTE, del Bienestar y personal del sector salud en la entidad y del sector privado, as\u00ed como voluntarios y brigadistas.<\/p>\n<p style=\"text-align: justify;\">\u00abNo ha terminado la enfermedad, pero los indicadores han ido en estos \u00faltimos d\u00edas a la baja, as\u00ed queremos que sigan, necesitamos seguirnos vacunando y cuidando con el cubrebocas, la sana distancia, evitar estar en lugares cerrados, eso es lo que tenemos que seguir haciendo\u00bb.<\/p>\n<p style=\"text-align: justify;\">Astudillo Flores anunci\u00f3 que la pr\u00f3xima semana se llevar\u00e1 a cabo un evento para lanzar el acuerdo para un regreso a clases ordenado y responsable, \u00aben el \u00faltimo tramo de gobierno va a ser importante que podamos regresar a clases presenciales\u00bb.<br \/>\n\u00abEl Covid-19 no ha terminado, tenemos que seguir con el proceso de vacunaci\u00f3n en esta gran coordinaci\u00f3n con el gobierno federal y seguir cuid\u00e1ndonos\u00bb, enfatiz\u00f3 Astudillo Flores.<\/p>\n<p style=\"text-align: justify;\">En su intervenci\u00f3n, el secretario de Salud, Carlos de la Pe\u00f1a Pintos present\u00f3 los datos t\u00e9cnicos, destacando que Guerrero acumula 41 mil 468 casos confirmados, 4 mil 521 defunciones, 184 casos activos y 7 nuevos casos en las \u00faltimas 24 horas.<\/p>\n<p style=\"text-align: justify;\">Se encuentran 67 pacientes hospitalizados, de estos, 3 permanecen estables, 36 graves y 28 intubados, en total la ocupaci\u00f3n hospitalaria es del 11 por ciento, en cuanto a las defunciones se registran 2.3 fallecimientos por d\u00eda.<\/p>\n<p style=\"text-align: justify;\">A su vez, el delegado Federal de los programas Sociales en Guerrero, Iv\u00e1n Hern\u00e1ndez D\u00edaz inform\u00f3 que en Guerrero con las dosis que se aplicaron este lunes, la cifra de personas inmunizadas lleg\u00f3 a un mill\u00f3n.<\/p>\n<p style=\"text-align: justify;\">Reconoci\u00f3 la coordinaci\u00f3n con el gobierno del estado y dijo que en H\u00e9ctor Astudillo Flores encontraron a un gran aliado, lo que ha permitido avanzar de manera importante con este programa.<\/p>\n<p style=\"text-align: justify;\">Detall\u00f3 que se est\u00e1 avanzando en la segunda dosis a adultos de 50 a 59 a\u00f1os en Acapulco que inicia este martes y ya inici\u00f3 la aplicaci\u00f3n a adultos de 40 a 49 a\u00f1os.<\/p>\n","protected":false},"excerpt":{"rendered":"<p>* Con decisi\u00f3n y trabajo coordinador, Guerrero ha salido adelante a pesar de la \u00b4pandemia, destaca el Gobernador Astudillo * Reconoce y agradece Astudillo al doctor Carlos de la Pe\u00f1a y a todo el sector salud, Sedena, Marina, Guardia Nacional, IMSS, ISSSTE, el trabajo realizaron en esta batalla * Aplicaci\u00f3n de la vacuna a adultos&#8230;<\/p>\n","protected":false},"author":2,"featured_media":1229658,"comment_status":"closed","ping_status":"closed","sticky":false,"template":"","format":"standard","meta":{"footnotes":""},"categories":[1972,18561],"tags":[6705,9302,9705,12964,16426],"class_list":["post-1229655","post","type-post","status-publish","format-standard","has-post-thumbnail","hentry","category-special","category-society-politics","tag-covid19","tag-gobierno-de-guerrero","tag-hector-astudillo-flores","tag-mesa-de-coordinacion-para-la-construccion-de-la-paz","tag-semaforo-epidemiologico-covid19"],"_links":{"self":[{"href":"https:\/\/www.acapulcopress.com\/index.php\/wp-json\/wp\/v2\/posts\/1229655","targetHints":{"allow":["GET"]}}],"collection":[{"href":"https:\/\/www.acapulcopress.com\/index.php\/wp-json\/wp\/v2\/posts"}],"about":[{"href":"https:\/\/www.acapulcopress.com\/index.php\/wp-json\/wp\/v2\/types\/post"}],"author":[{"embeddable":true,"href":"https:\/\/www.acapulcopress.com\/index.php\/wp-json\/wp\/v2\/users\/2"}],"replies":[{"embeddable":true,"href":"https:\/\/www.acapulcopress.com\/index.php\/wp-json\/wp\/v2\/comments?post=1229655"}],"version-history":[{"count":0,"href":"https:\/\/www.acapulcopress.com\/index.php\/wp-json\/wp\/v2\/posts\/1229655\/revisions"}],"wp:featuredmedia":[{"embeddable":true,"href":"https:\/\/www.acapulcopress.com\/index.php\/wp-json\/"}],"wp:attachment":[{"href":"https:\/\/www.acapulcopress.com\/index.php\/wp-json\/wp\/v2\/media?parent=1229655"}],"wp:term":[{"taxonomy":"category","embeddable":true,"href":"https:\/\/www.acapulcopress.com\/index.php\/wp-json\/wp\/v2\/categories?post=1229655"},{"taxonomy":"post_tag","embeddable":true,"href":"https:\/\/www.acapulcopress.com\/index.php\/wp-json\/wp\/v2\/tags?post=1229655"}],"curies":[{"name":"wp","href":"https:\/\/api.w.org\/{rel}","templated":true}]}}