{"id":1229665,"date":"2021-06-14T21:23:40","date_gmt":"2021-06-15T02:23:40","guid":{"rendered":"https:\/\/www.acapulco.press\/?p=1229665"},"modified":"2021-06-14T21:23:40","modified_gmt":"2021-06-15T02:23:40","slug":"pan-si-quiere-que-los-pobres-se-vuelvan-clase-media-marco-cortes","status":"publish","type":"post","link":"https:\/\/www.acapulcopress.com\/index.php\/2021\/06\/14\/pan-si-quiere-que-los-pobres-se-vuelvan-clase-media-marco-cortes\/","title":{"rendered":"PAN s\u00ed quiere que los pobres se vuelvan clase media | Marco Cort\u00e9s"},"content":{"rendered":"<p style=\"text-align: justify;\">] CIUDAD DE M\u00c9XICO. * 14 de junio de 2021.<br \/>\n<em>) Comunicado.<\/em><\/p>\n<p style=\"text-align: justify;\">El Presidente de Acci\u00f3n Nacional, Marko Cort\u00e9s Mendoza, asegur\u00f3 a los mexicanos que el PAN no les va a fallar con su claro mandato en las urnas y que est\u00e1 listo para dar resultados sin culpas ni pretextos en seguridad, crecimiento econ\u00f3mico y respeto a la pluralidad pol\u00edtica.<\/p>\n<p style=\"text-align: justify;\">\u201cLe decimos a los 46 millones de mexicanos que vamos a gobernar, que no les vamos a fallar, pero por el otro, le hacemos un llamado al Presidente de la Rep\u00fablica para que en este nuevo contexto de pluralidad ya deje atr\u00e1s la confrontaci\u00f3n, para que todos los mexicanos juntos, podamos hacer frente a la muy dif\u00edcil realidad que se est\u00e1 enfrentando en nuestro pa\u00eds\u201d, dijo.<\/p>\n<p style=\"text-align: justify;\">En rueda de prensa conjunta con los coordinadores en el Senado, Julen Rementer\u00eda y en la C\u00e1mara de Diputados, Juan Carlos Romero Hicks, destac\u00f3 que el mandato de los ciudadanos fue por un proyecto nacional en donde todos participemos, gobierno, sociedad civil, empresarios y partidos pol\u00edticos.<\/p>\n<p style=\"text-align: justify;\">En Acci\u00f3n Nacional, asegur\u00f3, le ofrecemos al Presidente su apoyo para superar la muy dif\u00edcil situaci\u00f3n a la que ha llevado a nuestro pa\u00eds por sus malas decisiones, lo que ha generado m\u00e1s desempleados, violencia, inseguridad, escasez de medicamentos, hambre y desigualdad.<\/p>\n<p style=\"text-align: justify;\">\u201cHoy le pedimos al Presidente rectificar su pol\u00edtica econ\u00f3mica, debe reconocer que s\u00ed el pa\u00eds no crece estar\u00e1 en riesgo la pol\u00edtica social, simplemente no habr\u00e1 dinero que la sostenga, al ritmo que vamos, M\u00e9xico tardar\u00e1 10 a\u00f1os para volver a los niveles econ\u00f3micos que se ten\u00edan en el 2018, y que hay que decir, que no eran buenos\u201d, sostuvo.<\/p>\n<p style=\"text-align: justify;\">Asimismo, pidi\u00f3 al Presidente reflexionar sobre el futuro de todas y todos los mexicanos, porque el PAN s\u00ed quiere que los pobres se vuelvan clase media, con aspiraciones, con sue\u00f1os, con \u00e9xitos, con estudios, en casa y en el extranjero, con coche propio.<\/p>\n<p style=\"text-align: justify;\">\u201cAcci\u00f3n Nacional rechaza que los mexicanos est\u00e9n condenados a vivir en la pobreza con un par de zapatos, con el atraso como lo ha sugerido el propio Presidente, por el contrario, nosotros creemos en la libertad econ\u00f3mica, en el respeto a la propiedad privada, en el esfuerzo subsidiario para que cada persona pueda salir adelante\u201d, detall\u00f3.<\/p>\n<p style=\"text-align: justify;\">Cort\u00e9s Mendoza dijo que es hora de reencausar de manera efectiva el gasto p\u00fablico hacia el crecimiento econ\u00f3mico, la generaci\u00f3n de empleo, el fortalecimiento del sector salud, medicamentos, hospitales, la educaci\u00f3n de calidad la seguridad y el patrimonio.<\/p>\n<p style=\"text-align: justify;\">El electorado, a\u00f1adi\u00f3, est\u00e1 exigiendo un alto al dispendio, al despilfarro, a las p\u00e9rdidas de miles de millones de pesos en PEMEX, en Dos Bocas, en Santa Luc\u00eda y en el Tren Maya. Sobre la tragedia de la L\u00ednea 12 del Metro, el dirigente exigi\u00f3 que Marcelo Ebrard y Claudia Sheinbaum dejen sus cargos para que la investigaci\u00f3n sea imparcial y pidi\u00f3 al Presidente cumplir con su palabra de combatir la impunidad y deje de protegerlos.<\/p>\n<p style=\"text-align: justify;\">\u201cTodo mundo ve como el Presidente tiende un manto de impunidad protector sobre sus gentes, sobre todo, Marcelo Ebrard, Mario Delegado y Claudia Sheinbaum. As\u00ed que hoy tiene su oportunidad de demostrar su verdadero compromiso con el combate a la corrupci\u00f3n\u201d, apunt\u00f3.<\/p>\n<p style=\"text-align: justify;\">Sobre la consulta para juzgar a los ex Presidentes, dijo que es absolutamente innecesaria, in\u00fatil y costosa.<\/p>\n","protected":false},"excerpt":{"rendered":"<p>] CIUDAD DE M\u00c9XICO. * 14 de junio de 2021. ) Comunicado. El Presidente de Acci\u00f3n Nacional, Marko Cort\u00e9s Mendoza, asegur\u00f3 a los mexicanos que el PAN no les va a fallar con su claro mandato en las urnas y que est\u00e1 listo para dar resultados sin culpas ni pretextos en seguridad, crecimiento econ\u00f3mico y&#8230;<\/p>\n","protected":false},"author":2,"featured_media":1229666,"comment_status":"closed","ping_status":"closed","sticky":false,"template":"","format":"standard","meta":{"footnotes":""},"categories":[1969],"tags":[5838,12720,14269],"class_list":["post-1229665","post","type-post","status-publish","format-standard","has-post-thumbnail","hentry","category-trending","tag-clase-media","tag-marko-cortes-mendoza","tag-partido-accion-nacional-pan"],"_links":{"self":[{"href":"https:\/\/www.acapulcopress.com\/index.php\/wp-json\/wp\/v2\/posts\/1229665","targetHints":{"allow":["GET"]}}],"collection":[{"href":"https:\/\/www.acapulcopress.com\/index.php\/wp-json\/wp\/v2\/posts"}],"about":[{"href":"https:\/\/www.acapulcopress.com\/index.php\/wp-json\/wp\/v2\/types\/post"}],"author":[{"embeddable":true,"href":"https:\/\/www.acapulcopress.com\/index.php\/wp-json\/wp\/v2\/users\/2"}],"replies":[{"embeddable":true,"href":"https:\/\/www.acapulcopress.com\/index.php\/wp-json\/wp\/v2\/comments?post=1229665"}],"version-history":[{"count":0,"href":"https:\/\/www.acapulcopress.com\/index.php\/wp-json\/wp\/v2\/posts\/1229665\/revisions"}],"wp:featuredmedia":[{"embeddable":true,"href":"https:\/\/www.acapulcopress.com\/index.php\/wp-json\/"}],"wp:attachment":[{"href":"https:\/\/www.acapulcopress.com\/index.php\/wp-json\/wp\/v2\/media?parent=1229665"}],"wp:term":[{"taxonomy":"category","embeddable":true,"href":"https:\/\/www.acapulcopress.com\/index.php\/wp-json\/wp\/v2\/categories?post=1229665"},{"taxonomy":"post_tag","embeddable":true,"href":"https:\/\/www.acapulcopress.com\/index.php\/wp-json\/wp\/v2\/tags?post=1229665"}],"curies":[{"name":"wp","href":"https:\/\/api.w.org\/{rel}","templated":true}]}}