{"id":1229679,"date":"2021-06-14T21:50:42","date_gmt":"2021-06-15T02:50:42","guid":{"rendered":"https:\/\/www.acapulco.press\/?p=1229679"},"modified":"2021-06-14T21:50:42","modified_gmt":"2021-06-15T02:50:42","slug":"piden-a-sre-adherir-y-ratificar-a-mexico-en-convenio-de-ciberdelincuencia","status":"publish","type":"post","link":"https:\/\/www.acapulcopress.com\/index.php\/2021\/06\/14\/piden-a-sre-adherir-y-ratificar-a-mexico-en-convenio-de-ciberdelincuencia\/","title":{"rendered":"Piden a SRE adherir a M\u00e9xico en Convenio de Ciberdelincuencia"},"content":{"rendered":"<p style=\"text-align: justify;\">] CIUDAD DE M\u00c9XICO. * 14 de junio de 2021.<br \/>\n) Notilegis.<\/p>\n<p style=\"text-align: justify;\">El diputado por Morena Ra\u00fal Eduardo Bonifaz Moedano promovi\u00f3 un punto de acuerdo que present\u00f3 ante la Comisi\u00f3n Permanente, para que la Secretar\u00eda de Relaciones Exteriores (SRE) adhiera y ratifique a M\u00e9xico en el Convenio de Ciberdelincuencia, tambi\u00e9n llamado Convenio de Budapest y su Protocolo Adicional, en materia de ciberseguridad.<\/p>\n<p style=\"text-align: justify;\">Mediante un comunicado, advirti\u00f3 que en el marco de los cambios que la pandemia ha generado, un efecto preocupante ha sido el aumento de la ciberdelincuencia, especialmente en los mercados emergentes como el nuestro.<\/p>\n<p style=\"text-align: justify;\">El diputado por Chiapas refiri\u00f3 que el convenio promueve la implementaci\u00f3n al ordenamiento jur\u00eddico nacional, legislaciones pertinentes para investigar y perseguir penalmente los delitos cibern\u00e9ticos, y que a su vez faciliten la cooperaci\u00f3n internacional en la materia.<\/p>\n<p style=\"text-align: justify;\">\u201cLo que pone de relieve la necesidad de su medici\u00f3n para generar una respuesta institucional adecuada y din\u00e1mica a nivel nacional, regional e internacional,\u201d expres\u00f3.<\/p>\n<p style=\"text-align: justify;\">Ante este panorama, Bonifaz Moedano consider\u00f3 que es imperante ratificar el Convenio sobre la Ciberseguridad del Consejo de Europa, dado que es el \u201cacuerdo internacional de uso m\u00e1s extendido para desarrollar la legislaci\u00f3n de combate al cibercrimen.\u201d<\/p>\n<p style=\"text-align: justify;\">Puntualiz\u00f3 que el tratado ha sido ratificado por 60 Estados de la Uni\u00f3n Europea, as\u00ed como algunos exteriores como Canad\u00e1, Estados Unidos, Australia y Jap\u00f3n.<\/p>\n<p style=\"text-align: justify;\">Record\u00f3 que el convenio fue emitido el 23 de noviembre de 2001, y se \u201ctrata del \u00fanico tratado internacional vinculante en la materia y constituye una especie de gu\u00eda, \u201cley modelo\u201d o \u201cacuerdo marco\u201d.\u201d<\/p>\n<p style=\"text-align: justify;\">A\u00f1adi\u00f3 que en el 2003 este convenio suscribi\u00f3 el Protocolo Adicional sobre Ciberdelincuencia, donde se agrega la penalizaci\u00f3n de actos de \u00edndole racista y xenofobia, cometidos por medio de sistemas informativos.<\/p>\n<p style=\"text-align: justify;\">Expuso que conforme al Art\u00edculo 15 del Convenio, las medidas que los Estados adopten para combatir la \u201cciberdelincuencia\u201d deber\u00e1n dise\u00f1arse de tal forma que garanticen el pleno respeto al Estado de Derecho y a los principios internacionales en materia de derechos humanos.<\/p>\n<p style=\"text-align: justify;\">\u00abEsto implica que cada pa\u00eds implementar\u00e1 dentro de su ordenamiento interno las condiciones y salvaguardas necesarias para prevenir el uso abusivo de los poderes y procedimientos previstos en el mismo por parte de las autoridades, garantizando una efectiva y adecuada protecci\u00f3n de los derechos humanos\u00bb, agreg\u00f3.<\/p>\n<p style=\"text-align: justify;\">Bonifaz Moedano argument\u00f3 que la ONU \u201cadvirti\u00f3 sobre el aumento de ciberdelitos, entre ellos, los correos electr\u00f3nicos maliciosos, que aumentaron 600% durante la actual emergencia sanitaria.\u201d<\/p>\n<p style=\"text-align: justify;\">En tanto que el presidente de la Asociaci\u00f3n de Bancos de M\u00e9xico, Daniel Becker, declar\u00f3 que el sector bancario invirti\u00f3 m\u00e1s de 20 mil millones de pesos en ciberseguridad para blindar las operaciones digitales.<\/p>\n<p style=\"text-align: justify;\">Asimismo, inform\u00f3 que la Comisi\u00f3n Nacional para la Protecci\u00f3n y Defensa de los Usuarios de Servicios Financieros, report\u00f3 que de enero a diciembre de 2020, seis de cada 10 casos que denunciaron los usuarios bancarios no obtuvieron una resoluci\u00f3n a favor.<\/p>\n<p style=\"text-align: justify;\">Bajo este contexto, Bonifaz Moedano se\u00f1al\u00f3 que \u201cla conectividad universal y la apertura del espacio apuntan directamente a un nuevo escenario de regulaci\u00f3n e intervenci\u00f3n que supera las fronteras nacionales,\u201d por lo que la suscripci\u00f3n de M\u00e9xico al convenio ser\u00eda oportuna.<\/p>\n","protected":false},"excerpt":{"rendered":"<p>] CIUDAD DE M\u00c9XICO. * 14 de junio de 2021. ) Notilegis. El diputado por Morena Ra\u00fal Eduardo Bonifaz Moedano promovi\u00f3 un punto de acuerdo que present\u00f3 ante la Comisi\u00f3n Permanente, para que la Secretar\u00eda de Relaciones Exteriores (SRE) adhiera y ratifique a M\u00e9xico en el Convenio de Ciberdelincuencia, tambi\u00e9n llamado Convenio de Budapest y&#8230;<\/p>\n","protected":false},"author":2,"featured_media":1229680,"comment_status":"closed","ping_status":"closed","sticky":false,"template":"","format":"standard","meta":{"footnotes":""},"categories":[1969],"tags":[6553,6554,7050,15298,16237],"class_list":["post-1229679","post","type-post","status-publish","format-standard","has-post-thumbnail","hentry","category-trending","tag-convenio-de-budapest","tag-convenio-de-ciberdelincuencia","tag-delitos-ciberneticos","tag-raul-eduardo-bonifaz-moedano","tag-secretaria-de-relaciones-exteriores-sre"],"_links":{"self":[{"href":"https:\/\/www.acapulcopress.com\/index.php\/wp-json\/wp\/v2\/posts\/1229679","targetHints":{"allow":["GET"]}}],"collection":[{"href":"https:\/\/www.acapulcopress.com\/index.php\/wp-json\/wp\/v2\/posts"}],"about":[{"href":"https:\/\/www.acapulcopress.com\/index.php\/wp-json\/wp\/v2\/types\/post"}],"author":[{"embeddable":true,"href":"https:\/\/www.acapulcopress.com\/index.php\/wp-json\/wp\/v2\/users\/2"}],"replies":[{"embeddable":true,"href":"https:\/\/www.acapulcopress.com\/index.php\/wp-json\/wp\/v2\/comments?post=1229679"}],"version-history":[{"count":0,"href":"https:\/\/www.acapulcopress.com\/index.php\/wp-json\/wp\/v2\/posts\/1229679\/revisions"}],"wp:featuredmedia":[{"embeddable":true,"href":"https:\/\/www.acapulcopress.com\/index.php\/wp-json\/"}],"wp:attachment":[{"href":"https:\/\/www.acapulcopress.com\/index.php\/wp-json\/wp\/v2\/media?parent=1229679"}],"wp:term":[{"taxonomy":"category","embeddable":true,"href":"https:\/\/www.acapulcopress.com\/index.php\/wp-json\/wp\/v2\/categories?post=1229679"},{"taxonomy":"post_tag","embeddable":true,"href":"https:\/\/www.acapulcopress.com\/index.php\/wp-json\/wp\/v2\/tags?post=1229679"}],"curies":[{"name":"wp","href":"https:\/\/api.w.org\/{rel}","templated":true}]}}