{"id":1229687,"date":"2021-06-14T22:20:20","date_gmt":"2021-06-15T03:20:20","guid":{"rendered":"https:\/\/www.acapulco.press\/?p=1229687"},"modified":"2021-06-14T22:20:20","modified_gmt":"2021-06-15T03:20:20","slug":"pide-pri-a-sep-informar-sobre-protocolos-en-escuelas-para-evitar-contagios","status":"publish","type":"post","link":"https:\/\/www.acapulcopress.com\/index.php\/2021\/06\/14\/pide-pri-a-sep-informar-sobre-protocolos-en-escuelas-para-evitar-contagios\/","title":{"rendered":"Pide PRI a SEP informar sobre protocolos en escuelas para evitar contagios"},"content":{"rendered":"<p style=\"text-align: justify;\">] CIUDAD DE M\u00c9XICO. * 14 de junio de 2021.<br \/>\n<em>) Notilegis.<\/em><\/p>\n<p>El Grupo Parlamentario del PRI exhort\u00f3 a la Secretar\u00eda de Educaci\u00f3n P\u00fablica (SEP) para que informe sobre acciones y protocolos implementados para que personal docente reciba a las y los alumnos de manera presencial, con el fin de evitar contagios al interior de las aulas.<\/p>\n<p style=\"text-align: justify;\">A trav\u00e9s de un punto de acuerdo, tambi\u00e9n solicit\u00f3 dar a conocer el mecanismo utilizado para seleccionar planteles que regresaron a clases presenciales y garantizar que cuenten con los protocolos de seguridad, para evitar poner en riesgo la salud e inclusive la vida del personal docente, y de alumnos ante un regreso apresurado al aula.<\/p>\n<p style=\"text-align: justify;\">Mediante un comunicado las y los legisladores de la bancada destacaron que si bien no todo el alumnado cuenta con las condiciones adecuadas para tomar clases en l\u00ednea, \u201cno es el momento de bajar la guardia ante la falta de una campa\u00f1a masiva de vacunaci\u00f3n, situaci\u00f3n por la que el regreso a clases presenciales, sin contar con las condiciones adecuadas de seguridad, genera un nuevo problema m\u00e1s que una soluci\u00f3n\u201d<\/p>\n<p style=\"text-align: justify;\">El Gobierno Federal, expusieron, opt\u00f3 por realizar un regreso a clases \u201cvoluntario\u201d el 7 de junio; sin embargo, son diversas las denuncias de padres de familia y personal docente afirmando que las escuelas p\u00fablicas del pa\u00eds no se encuentran en condiciones para el regreso a clases de manera presencial, debido a que en muchas zonas del pa\u00eds los contagios contin\u00faan al alza y ni el personal docente ni las autoridades administrativas de los centros escolares est\u00e1n capacitadas para implementar un regreso al aula seguro.<\/p>\n<p style=\"text-align: justify;\">Recordaron el caso de Campeche, primera entidad en regresar a clases presenciales el 19 de abril fungiendo como el estado piloto, pero tras estar varias semanas en sem\u00e1foro verde, el 24 de mayo se decidi\u00f3 suspender nuevamente las clases ante el aumento generalizado de casos de contagio, exponiendo un panorama poco alentador.<\/p>\n<p style=\"text-align: justify;\">Las y los diputados del PRI pidieron a las autoridades de educaci\u00f3n federales y locales de todo el pa\u00eds, que en el \u00e1mbito de sus competencias, doten de insumos necesarios a las escuelas que regresaron a clases presenciales el 7 de junio.<\/p>\n<p style=\"text-align: justify;\">Indicaron que la Secretar\u00eda de Salud de la Ciudad de M\u00e9xico inform\u00f3 que se presentaron tres casos confirmados de Covid-19 en escuelas p\u00fablicas y privadas, a menos de una semana de que los estudiantes volvieron a las aulas, agregaron.<\/p>\n","protected":false},"excerpt":{"rendered":"<p>] CIUDAD DE M\u00c9XICO. * 14 de junio de 2021. ) Notilegis. El Grupo Parlamentario del PRI exhort\u00f3 a la Secretar\u00eda de Educaci\u00f3n P\u00fablica (SEP) para que informe sobre acciones y protocolos implementados para que personal docente reciba a las y los alumnos de manera presencial, con el fin de evitar contagios al interior de&#8230;<\/p>\n","protected":false},"author":2,"featured_media":1229688,"comment_status":"closed","ping_status":"closed","sticky":false,"template":"","format":"standard","meta":{"footnotes":""},"categories":[2038,18561],"tags":[6705,15438,16171],"class_list":["post-1229687","post","type-post","status-publish","format-standard","has-post-thumbnail","hentry","category-contingencias","category-society-politics","tag-covid19","tag-regreso-a-clases","tag-secretaria-de-educacion-publica-sep"],"_links":{"self":[{"href":"https:\/\/www.acapulcopress.com\/index.php\/wp-json\/wp\/v2\/posts\/1229687","targetHints":{"allow":["GET"]}}],"collection":[{"href":"https:\/\/www.acapulcopress.com\/index.php\/wp-json\/wp\/v2\/posts"}],"about":[{"href":"https:\/\/www.acapulcopress.com\/index.php\/wp-json\/wp\/v2\/types\/post"}],"author":[{"embeddable":true,"href":"https:\/\/www.acapulcopress.com\/index.php\/wp-json\/wp\/v2\/users\/2"}],"replies":[{"embeddable":true,"href":"https:\/\/www.acapulcopress.com\/index.php\/wp-json\/wp\/v2\/comments?post=1229687"}],"version-history":[{"count":0,"href":"https:\/\/www.acapulcopress.com\/index.php\/wp-json\/wp\/v2\/posts\/1229687\/revisions"}],"wp:featuredmedia":[{"embeddable":true,"href":"https:\/\/www.acapulcopress.com\/index.php\/wp-json\/"}],"wp:attachment":[{"href":"https:\/\/www.acapulcopress.com\/index.php\/wp-json\/wp\/v2\/media?parent=1229687"}],"wp:term":[{"taxonomy":"category","embeddable":true,"href":"https:\/\/www.acapulcopress.com\/index.php\/wp-json\/wp\/v2\/categories?post=1229687"},{"taxonomy":"post_tag","embeddable":true,"href":"https:\/\/www.acapulcopress.com\/index.php\/wp-json\/wp\/v2\/tags?post=1229687"}],"curies":[{"name":"wp","href":"https:\/\/api.w.org\/{rel}","templated":true}]}}