{"id":1229693,"date":"2021-06-14T22:39:59","date_gmt":"2021-06-15T03:39:59","guid":{"rendered":"https:\/\/www.acapulco.press\/?p=1229693"},"modified":"2021-06-14T22:39:59","modified_gmt":"2021-06-15T03:39:59","slug":"mario-moreno-en-manos-superiores-veredicto-final","status":"publish","type":"post","link":"https:\/\/www.acapulcopress.com\/index.php\/2021\/06\/14\/mario-moreno-en-manos-superiores-veredicto-final\/","title":{"rendered":"Mario Moreno | En manos superiores veredicto final"},"content":{"rendered":"<p style=\"text-align: justify;\">Un Rapid\u00edn<br \/>\n] <strong>\u00c1ngel Irra Carceda<\/strong>.<\/p>\n<p>Mario Moreno Arcos asegura que tiene los \u201cpelos de la burra\u201d para impugnar el resultado de la jornada electoral que favoreci\u00f3 a Evelyn Salgado Pineda, y tiene el pleno derecho de hacerlo.<\/p>\n<p style=\"text-align: justify;\">Nada del otro mundo. No hay por qu\u00e9 espantarse, y m\u00e1s porque Mario Moreno afirma que presentar\u00e1 las pruebas suficientes de lo que sostiene fue una jornada electoral ama\u00f1ada.<\/p>\n<p style=\"text-align: justify;\">Ser\u00e1n las altas esferas electorales las que le den la raz\u00f3n o no. As\u00ed de simple.<\/p>\n<p style=\"text-align: justify;\">Nadie, absolutamente nadie, que presuma ser dem\u00f3crata, puede ni debe desestimarle ese derecho.<\/p>\n<p style=\"text-align: justify;\">Quienes le exigen reconocer ya el resultado a favor de Evelyn Salgado, olvidan que el presidente AMLO hizo lo mismo antes que Mario Moreno Arcos.<\/p>\n<p style=\"text-align: justify;\">Es un derecho, adm\u00edtanlo, si se dicen dem\u00f3cratas.<\/p>\n","protected":false},"excerpt":{"rendered":"<p>Un Rapid\u00edn ] \u00c1ngel Irra Carceda. Mario Moreno Arcos asegura que tiene los \u201cpelos de la burra\u201d para impugnar el resultado de la jornada electoral que favoreci\u00f3 a Evelyn Salgado Pineda, y tiene el pleno derecho de hacerlo. Nada del otro mundo. No hay por qu\u00e9 espantarse, y m\u00e1s porque Mario Moreno afirma que presentar\u00e1&#8230;<\/p>\n","protected":false},"author":2,"featured_media":1229624,"comment_status":"closed","ping_status":"closed","sticky":false,"template":"","format":"standard","meta":{"footnotes":""},"categories":[2071,1991],"tags":[3938,8251,12685,17511],"class_list":["post-1229693","post","type-post","status-publish","format-standard","has-post-thumbnail","hentry","category-opinion-analisis-columnas","category-libertad-de-expresion","tag-angel-irra-carceda","tag-evelyn-salgado-pineda","tag-mario-moreno-arcos","tag-un-rapidin"],"_links":{"self":[{"href":"https:\/\/www.acapulcopress.com\/index.php\/wp-json\/wp\/v2\/posts\/1229693","targetHints":{"allow":["GET"]}}],"collection":[{"href":"https:\/\/www.acapulcopress.com\/index.php\/wp-json\/wp\/v2\/posts"}],"about":[{"href":"https:\/\/www.acapulcopress.com\/index.php\/wp-json\/wp\/v2\/types\/post"}],"author":[{"embeddable":true,"href":"https:\/\/www.acapulcopress.com\/index.php\/wp-json\/wp\/v2\/users\/2"}],"replies":[{"embeddable":true,"href":"https:\/\/www.acapulcopress.com\/index.php\/wp-json\/wp\/v2\/comments?post=1229693"}],"version-history":[{"count":0,"href":"https:\/\/www.acapulcopress.com\/index.php\/wp-json\/wp\/v2\/posts\/1229693\/revisions"}],"wp:featuredmedia":[{"embeddable":true,"href":"https:\/\/www.acapulcopress.com\/index.php\/wp-json\/"}],"wp:attachment":[{"href":"https:\/\/www.acapulcopress.com\/index.php\/wp-json\/wp\/v2\/media?parent=1229693"}],"wp:term":[{"taxonomy":"category","embeddable":true,"href":"https:\/\/www.acapulcopress.com\/index.php\/wp-json\/wp\/v2\/categories?post=1229693"},{"taxonomy":"post_tag","embeddable":true,"href":"https:\/\/www.acapulcopress.com\/index.php\/wp-json\/wp\/v2\/tags?post=1229693"}],"curies":[{"name":"wp","href":"https:\/\/api.w.org\/{rel}","templated":true}]}}